{"id":72074,"date":"2026-04-28T22:42:27","date_gmt":"2026-04-29T01:42:27","guid":{"rendered":"https:\/\/24formosa.com.ar\/?p=72074"},"modified":"2026-04-28T22:42:28","modified_gmt":"2026-04-29T01:42:28","slug":"especialista-advirtio-que-el-narcomenudeo-es-el-brazo-armado-del-narcotrafico","status":"publish","type":"post","link":"https:\/\/24formosa.com.ar\/?p=72074","title":{"rendered":"Especialista advirti\u00f3 que \u201cel narcomenudeo es el brazo armado del narcotr\u00e1fico\u201d"},"content":{"rendered":"\n<p><em>Ante esto, puso en relieve que en la provincia de Formosa se instrumentan acciones a trav\u00e9s de la Subsecretar\u00eda de Lucha contra el Narcocrimen del Ministerio de Gobierno, Seguridad, Justicia y Trabajo, en el marco de una pol\u00edtica de Estado por decisi\u00f3n del gobernador Insfr\u00e1n.<\/em><\/p>\n\n\n\n<p>La soci\u00f3loga, consultora y asesora en temas de narcotr\u00e1fico y narcomenudeo, Laura Etcharren, ahond\u00f3 sobre estas problem\u00e1ticas, se\u00f1alando, en primer lugar, que Argentina es un pa\u00eds en el cual el narcotr\u00e1fico est\u00e1 consagrado, \u201clo que implica que hay droga en todas partes, pero lo que cambia es la decisi\u00f3n pol\u00edtica de cada territorio y de cada gobernador en asumir la responsabilidad de luchar contra el narcomenudeo\u201d.<\/p>\n\n\n\n<p>Sin embargo, el Gobierno nacional se ha desentendido de ello, lo que conlleva un gran peligro dado que \u201cel narcomenudista de hoy, es el narcotraficante de ma\u00f1ana\u201d, ya que \u201cel narcomenudeo es el brazo armado del narcotr\u00e1fico\u201d.<\/p>\n\n\n\n<p>En torno a este tema, puso en relieve que se vienen llevando adelante acciones sostenidas en la provincia de Formosa, \u201cdonde la decisi\u00f3n del gobernador Gildo Insfr\u00e1n devino una pol\u00edtica de Estado, instrumentada a trav\u00e9s de la Subsecretar\u00eda de Lucha contra el Narcocrimen\u201d.<\/p>\n\n\n\n<p>Es decir que esa matriz trazada por el primer mandatario \u201cha tenido una continuidad, y eso es un m\u00e9rito de la provincia\u201d, puesto que conlleva \u201cun doble riesgo y desaf\u00edo\u201d, por un lado, \u201cel doble riesgo que es el narcotr\u00e1fico y el narcomenudeo\u201d y, por el otro, \u201cel doble desaf\u00edo de la frontera norte\u201d, porque all\u00ed \u201ces p\u00e9sima la administraci\u00f3n de las fuerzas federales\u201d.<\/p>\n\n\n\n<figure class=\"wp-block-image\"><a href=\"https:\/\/agenfor.com.ar\/wp-content\/uploads\/2026\/04\/laura-etcharren-1996190.webp\"><img decoding=\"async\" src=\"https:\/\/agenfor.com.ar\/wp-content\/uploads\/2026\/04\/laura-etcharren-1996190.webp\" alt=\"\" class=\"wp-image-265014\"\/><\/a><figcaption class=\"wp-element-caption\">Laura Etcharren<\/figcaption><\/figure>\n\n\n\n<p>Adem\u00e1s de eso, cuestion\u00f3 que \u201ctenemos fuerzas federales concentradas en lugares para los cuales no han sido formadas y preparadas con presentaciones escenogr\u00e1ficas en distintos puntos del pa\u00eds que llaman bastante la atenci\u00f3n y que evidentemente no tienen en cuenta que la seguridad de un pa\u00eds comienza en su frontera\u201d.<\/p>\n\n\n\n<p>Puntualmente, en el caso del norte argentino, expuso la especialista que all\u00ed se tiene una relaci\u00f3n dial\u00e9ctica \u201ccon Bolivia, con Paraguay, con Brasil, donde hay una din\u00e1mica cultural, pero tambi\u00e9n hay una din\u00e1mica delictiva y pasar de un pa\u00eds a otro por la frontera, frente a un d\u00e9ficit ya obsceno de presencia de fuerzas federales, hace que los ministros de seguridad, los gobernadores, digan tenemos que llevar a nuestras polic\u00edas, a nuestros recursos provinciales a hacer un monitoreo de lo que tiene que ver con eso\u201d.<\/p>\n\n\n\n<p>Entonces, ante esa realidad de que Naci\u00f3n de desentiende de su responsabilidad, \u201ccualquier vac\u00edo que se deje no solamente va a afectar a Formosa, que no es contra el Gobernador , sino que es contra todos los formose\u00f1os y contra todo el pa\u00eds, porque la inseguridad de frontera te habilita la inseguridad interior y ciudadana\u201d.<\/p>\n\n\n\n<p>\u201cEntonces, es verdaderamente una falta de respeto a la inteligencia de la poblaci\u00f3n en general y en particular a los formose\u00f1os\u201d, reprob\u00f3, cuestionando que la actual ministra de Seguridad de la Naci\u00f3n, Alejandra Monteoliva, sigue los pasos de su antecesora Patricia Bullrich.<\/p>\n\n\n\n<p>Esto es que profundiza m\u00e1s lo actuado por Bullrich, es decir que \u201chay una necesidad de esmerarse en hacer las cosas mal, pero de forma selectiva\u201d.&nbsp;<\/p>\n","protected":false},"excerpt":{"rendered":"<p>Ante esto, puso en relieve que en la provincia de Formosa se instrumentan acciones a<\/p>\n","protected":false},"author":8,"featured_media":72075,"comment_status":"closed","ping_status":"closed","sticky":false,"template":"","format":"standard","meta":{"footnotes":""},"categories":[1],"tags":[],"class_list":["post-72074","post","type-post","status-publish","format-standard","has-post-thumbnail","hentry","category-noticias"],"_links":{"self":[{"href":"https:\/\/24formosa.com.ar\/index.php?rest_route=\/wp\/v2\/posts\/72074","targetHints":{"allow":["GET"]}}],"collection":[{"href":"https:\/\/24formosa.com.ar\/index.php?rest_route=\/wp\/v2\/posts"}],"about":[{"href":"https:\/\/24formosa.com.ar\/index.php?rest_route=\/wp\/v2\/types\/post"}],"author":[{"embeddable":true,"href":"https:\/\/24formosa.com.ar\/index.php?rest_route=\/wp\/v2\/users\/8"}],"replies":[{"embeddable":true,"href":"https:\/\/24formosa.com.ar\/index.php?rest_route=%2Fwp%2Fv2%2Fcomments&post=72074"}],"version-history":[{"count":1,"href":"https:\/\/24formosa.com.ar\/index.php?rest_route=\/wp\/v2\/posts\/72074\/revisions"}],"predecessor-version":[{"id":72076,"href":"https:\/\/24formosa.com.ar\/index.php?rest_route=\/wp\/v2\/posts\/72074\/revisions\/72076"}],"wp:featuredmedia":[{"embeddable":true,"href":"https:\/\/24formosa.com.ar\/index.php?rest_route=\/wp\/v2\/media\/72075"}],"wp:attachment":[{"href":"https:\/\/24formosa.com.ar\/index.php?rest_route=%2Fwp%2Fv2%2Fmedia&parent=72074"}],"wp:term":[{"taxonomy":"category","embeddable":true,"href":"https:\/\/24formosa.com.ar\/index.php?rest_route=%2Fwp%2Fv2%2Fcategories&post=72074"},{"taxonomy":"post_tag","embeddable":true,"href":"https:\/\/24formosa.com.ar\/index.php?rest_route=%2Fwp%2Fv2%2Ftags&post=72074"}],"curies":[{"name":"wp","href":"https:\/\/api.w.org\/{rel}","templated":true}]}}