{"id":72071,"date":"2026-04-28T22:36:13","date_gmt":"2026-04-29T01:36:13","guid":{"rendered":"https:\/\/24formosa.com.ar\/?p=72071"},"modified":"2026-04-28T22:36:14","modified_gmt":"2026-04-29T01:36:14","slug":"el-centro-de-salud-luis-maria-codda-acerca-las-vacunas-a-las-escuelas-en-la-semana-de-la-vacunacion-en-las-americas","status":"publish","type":"post","link":"https:\/\/24formosa.com.ar\/?p=72071","title":{"rendered":"El centro de salud \u201cLuis Mar\u00eda Codda\u201d acerca las vacunas a las escuelas en la Semana de la Vacunaci\u00f3n en las Am\u00e9ricas"},"content":{"rendered":"\n<p><em>Desde el lunes 27 de abril hasta el jueves 30, equipos de vacunaci\u00f3n del efector se encuentran ofreciendo vacunas de calendario, antigripal y refuerzos COVID-19 para personas de todas las edades, en la EPEP N\u00b0 532, EPEP N\u00b0 445 y EPEP N\u00b0 491, por la ma\u00f1ana y por la tarde.<\/em><\/p>\n\n\n\n<p>En el marco de la Semana de la Vacunaci\u00f3n en las Am\u00e9ricas, conmemorada entre el 25 de abril y el 2 de mayo de 2026, el Gobierno de Formosa, a trav\u00e9s del Ministerio de Desarrollo Humano, impulsa diversas estrategias en terreno, destinadas a reforzar la cobertura de inmunizaci\u00f3n y acercar las vacunas a la comunidad.<\/p>\n\n\n\n<p>Acorde a ello, el centro de salud \u201cLuis Mar\u00eda Codda\u201d del barrio Liborsi, est\u00e1 llevando adelante acciones extramuros con el objetivo de facilitar a los vecinos de dicho barrio como de otros aleda\u00f1os, el acceso a las distintas vacunas del Calendario Nacional de Inmunizaciones y a los refuerzos COVID-19, concientizando a su vez sobre la importancia que tiene la vacunaci\u00f3n para el cuidado de la salud.<\/p>\n\n\n\n<p>La directora del efector sanitario, la doctora Lorena D\u00edaz, explic\u00f3 que \u201cla Semana de Vacunaci\u00f3n de las Am\u00e9ricas es una instancia en la que buscamos concientizar y poner en valor todas las vacunas, compartiendo esto con la comunidad a trav\u00e9s de diferentes estrategias\u201d.<\/p>\n\n\n\n<p>En ese sentido, detall\u00f3 que \u201csalimos a terreno, en este caso, con equipos de vacunadores instalados desde el lunes 27 hasta el jueves 30 de abril, en diferentes instituciones educativas de Nivel Primario, donde ofrecemos tanto a los ni\u00f1os como a los adultos las vacunas que tenemos disponibles y, al mismo tiempo, les transmitimos la importancia de vacunarse para protegerse de distintas enfermedades\u201d.<\/p>\n\n\n\n<p>Seguidamente, mencion\u00f3 que el accionar abarca la EPEP N\u00b0 532 \u201cRen\u00e9 Favaloro\u201d del barrio Divino Ni\u00f1o, por la ma\u00f1ana; EPEP N\u00b0 445 \u201cEsteban Laureano Maradona\u201d del barrio Liborsi, en horario del turno tarde; y la EPEP N\u00b0 491 \u201cJos\u00e9 Estanislao Ocampo\u201d del barrio 12 de Octubre,en el turno ma\u00f1ana.<\/p>\n\n\n\n<p>En cada uno de los establecimientos educativos se est\u00e1n aplicando\u201ctodas las vacunas del calendario nacional, dosis de vacuna antigripal y refuerzos contra el COVID-19\u201d, precis\u00f3 D\u00edaz.<\/p>\n\n\n\n<p>Asimismo, la funcionaria remarc\u00f3 el rol solidario que implica inmunizarse, teniendo en cuenta el lema 2026 \u201c<em>Tu decisi\u00f3n marca la diferencia<\/em>\u201d, adoptado por la Semana de la Vacunaci\u00f3n en las Am\u00e9ricas \u201cVacunarse tambi\u00e9n es un acto de solidaridad, porque si yo me vacuna me cuido y, a la vez, protejo a mi familia, a los adultos mayores, a los beb\u00e9s menores de seis meses que a\u00fan est\u00e1n desarrollando sus defensas. Por consiguiente, vacun\u00e1ndome, cuido a toda la comunidad\u201d.<\/p>\n\n\n\n<p>Subray\u00f3 que \u201clas vacunas son seguras, gratuitas y obligatorias. Nos ayudan a prevenir el impacto que pueden causar en la salud un gran n\u00famero de enfermedades que van desde leves hasta muy graves. Tambi\u00e9n, tienen la capacidad de evitar complicaciones, hospitalizaciones y fallecimientos, sobre todo, en las personas m\u00e1s vulnerables ya sea por su edad o por sus condiciones de salud\u201d.<\/p>\n\n\n\n<p>En esa l\u00ednea, se\u00f1al\u00f3: \u201cPor eso, lo que tratamos de hacer especialmente en esta semana es mejorar la accesibilidad, ya que, si bien las vacunas est\u00e1n disponibles todos los d\u00edas en el centro de salud, nuestro objetivo es tambi\u00e9n acercarlas a la comunidad para que est\u00e9n m\u00e1s al alcance de todos\u201d.<\/p>\n\n\n\n<p>Al finalizar, la doctora destac\u00f3 que el Gobierno de la provincia de Formosa contin\u00faa promoviendo la vacunaci\u00f3n en todo el territorio, tanto en la Capital como en el interior.<\/p>\n","protected":false},"excerpt":{"rendered":"<p>Desde el lunes 27 de abril hasta el jueves 30, equipos de vacunaci\u00f3n del efector<\/p>\n","protected":false},"author":8,"featured_media":72072,"comment_status":"closed","ping_status":"closed","sticky":false,"template":"","format":"standard","meta":{"footnotes":""},"categories":[1],"tags":[],"class_list":["post-72071","post","type-post","status-publish","format-standard","has-post-thumbnail","hentry","category-noticias"],"_links":{"self":[{"href":"https:\/\/24formosa.com.ar\/index.php?rest_route=\/wp\/v2\/posts\/72071","targetHints":{"allow":["GET"]}}],"collection":[{"href":"https:\/\/24formosa.com.ar\/index.php?rest_route=\/wp\/v2\/posts"}],"about":[{"href":"https:\/\/24formosa.com.ar\/index.php?rest_route=\/wp\/v2\/types\/post"}],"author":[{"embeddable":true,"href":"https:\/\/24formosa.com.ar\/index.php?rest_route=\/wp\/v2\/users\/8"}],"replies":[{"embeddable":true,"href":"https:\/\/24formosa.com.ar\/index.php?rest_route=%2Fwp%2Fv2%2Fcomments&post=72071"}],"version-history":[{"count":1,"href":"https:\/\/24formosa.com.ar\/index.php?rest_route=\/wp\/v2\/posts\/72071\/revisions"}],"predecessor-version":[{"id":72073,"href":"https:\/\/24formosa.com.ar\/index.php?rest_route=\/wp\/v2\/posts\/72071\/revisions\/72073"}],"wp:featuredmedia":[{"embeddable":true,"href":"https:\/\/24formosa.com.ar\/index.php?rest_route=\/wp\/v2\/media\/72072"}],"wp:attachment":[{"href":"https:\/\/24formosa.com.ar\/index.php?rest_route=%2Fwp%2Fv2%2Fmedia&parent=72071"}],"wp:term":[{"taxonomy":"category","embeddable":true,"href":"https:\/\/24formosa.com.ar\/index.php?rest_route=%2Fwp%2Fv2%2Fcategories&post=72071"},{"taxonomy":"post_tag","embeddable":true,"href":"https:\/\/24formosa.com.ar\/index.php?rest_route=%2Fwp%2Fv2%2Ftags&post=72071"}],"curies":[{"name":"wp","href":"https:\/\/api.w.org\/{rel}","templated":true}]}}