{"id":72058,"date":"2026-04-28T22:29:55","date_gmt":"2026-04-29T01:29:55","guid":{"rendered":"https:\/\/24formosa.com.ar\/?p=72058"},"modified":"2026-04-28T22:29:55","modified_gmt":"2026-04-29T01:29:55","slug":"gran-convocatoria-en-el-seminario-gratuito-emprendemos-organizado-por-la-ade","status":"publish","type":"post","link":"https:\/\/24formosa.com.ar\/?p=72058","title":{"rendered":"Gran convocatoria en el seminario gratuito \u201cEmprendemos\u201d organizado por la ADE"},"content":{"rendered":"\n<p><em>Con una gran participaci\u00f3n se realiz\u00f3 una jornada de capacitaci\u00f3n para emprendedores locales. El encuentro sirvi\u00f3 como marco para el lanzamiento de la nueva Diplomatura Ejecutiva en Gesti\u00f3n de Emprendimientos, orientada a profesionalizar proyectos en la provincia.<\/em><em><\/em><\/p>\n\n\n\n<p>La Agencia de Desarrollo Empresarial de Formosa (ADE), en conjunto con la Subsecretar\u00eda de Desarrollo Econ\u00f3mico y con el acompa\u00f1amiento del Gobierno de la provincia de Formosa, llev\u00f3 adelante este martes 28, el seminario gratuito \u201cEmprendemos. Verdades inc\u00f3modas, conocimientos imprescindibles y decisiones necesarias\u201d<strong>.<\/strong><\/p>\n\n\n\n<p>La actividad, que se desarroll\u00f3 a sala llena en las instalaciones del Galp\u00f3n \u201cG\u201d del Paseo Costanero, estuvo dirigida a emprendedores, personas con proyectos en etapa inicial y p\u00fablico interesado en fortalecer sus conocimientos en gesti\u00f3n. Durante el encuentro se abordaron aspectos clave como el verdadero significado de emprender, el funcionamiento econ\u00f3mico de un negocio y las decisiones necesarias para iniciar, sostener y hacer crecer un emprendimiento.<\/p>\n\n\n\n<figure class=\"wp-block-image\"><a href=\"https:\/\/agenfor.com.ar\/wp-content\/uploads\/2026\/04\/Gran-convocatoria-en-el-seminario-gratuito-emprendemos-organizado-por-ADE-2.jpg\"><img decoding=\"async\" src=\"https:\/\/agenfor.com.ar\/wp-content\/uploads\/2026\/04\/Gran-convocatoria-en-el-seminario-gratuito-emprendemos-organizado-por-ADE-2-1024x926.jpg\" alt=\"\" class=\"wp-image-265084\"\/><\/a><\/figure>\n\n\n\n<p>Al respecto, el gerente de ADE, Guillermo Ar\u00e9valo, destac\u00f3 la importancia de este tipo de espacios: \u201cDesde la Agencia trabajamos para brindar herramientas concretas que permitan a los emprendedores tomar decisiones con mayor claridad y profesionalizar sus proyectos. La gran convocatoria que tuvo este seminario refleja la necesidad que existe en nuestra comunidad de acceder a este tipo de contenidos\u201d.<\/p>\n\n\n\n<p>Por su parte, el subsecretario de Desarrollo Econ\u00f3mico, Horacio Cosenza<strong>,<\/strong>&nbsp;subray\u00f3 el valor de la articulaci\u00f3n institucional al afirmar que \u201ceste tipo de iniciativas muestran el camino que debemos seguir: el trabajo conjunto entre el sector p\u00fablico y privado para fortalecer el entramado productivo local y acompa\u00f1ar a quienes apuestan por generar valor y empleo en la provincia\u201d.<\/p>\n\n\n\n<p>La disertaci\u00f3n estuvo a cargo de Ignacio Moyano Camihort, director fundador de la Escuela de Ejecutivos de C\u00f3rdoba, quien brind\u00f3 una exposici\u00f3n din\u00e1mica y participativa, generando un enriquecedor intercambio con los asistentes.<\/p>\n\n\n\n<p>Camihort se\u00f1al\u00f3 que \u201cemprender es mucho m\u00e1s que tener una idea o entusiasmo. Implica comprender la l\u00f3gica econ\u00f3mica de un proyecto y tomar decisiones estrat\u00e9gicas. El objetivo de este seminario fue justamente aportar claridad y herramientas pr\u00e1cticas para ese proceso\u201d.<\/p>\n\n\n\n<p>El seminario \u201cEmprendemos\u201d se constituy\u00f3 adem\u00e1s como la instancia de presentaci\u00f3n del Diplomado Ejecutivo en Gesti\u00f3n de Emprendimientos, una propuesta de formaci\u00f3n online que busca profesionalizar la gesti\u00f3n emprendedora mediante contenidos aplicados, seguimiento acad\u00e9mico y certificaci\u00f3n conjunta.<\/p>\n\n\n\n<p>Finalmente, desde ADE informaron que ya est\u00e1n abiertas las inscripciones para la Diplomatura, y cualquier consulta lo pueden realizar mediante Whatsapp al n\u00famero: 3704329154 o a trav\u00e9s de las redes sociales de la Agencia.<\/p>\n","protected":false},"excerpt":{"rendered":"<p>Con una gran participaci\u00f3n se realiz\u00f3 una jornada de capacitaci\u00f3n para emprendedores locales. El encuentro<\/p>\n","protected":false},"author":8,"featured_media":72060,"comment_status":"closed","ping_status":"closed","sticky":false,"template":"","format":"standard","meta":{"footnotes":""},"categories":[1],"tags":[],"class_list":["post-72058","post","type-post","status-publish","format-standard","has-post-thumbnail","hentry","category-noticias"],"_links":{"self":[{"href":"https:\/\/24formosa.com.ar\/index.php?rest_route=\/wp\/v2\/posts\/72058","targetHints":{"allow":["GET"]}}],"collection":[{"href":"https:\/\/24formosa.com.ar\/index.php?rest_route=\/wp\/v2\/posts"}],"about":[{"href":"https:\/\/24formosa.com.ar\/index.php?rest_route=\/wp\/v2\/types\/post"}],"author":[{"embeddable":true,"href":"https:\/\/24formosa.com.ar\/index.php?rest_route=\/wp\/v2\/users\/8"}],"replies":[{"embeddable":true,"href":"https:\/\/24formosa.com.ar\/index.php?rest_route=%2Fwp%2Fv2%2Fcomments&post=72058"}],"version-history":[{"count":1,"href":"https:\/\/24formosa.com.ar\/index.php?rest_route=\/wp\/v2\/posts\/72058\/revisions"}],"predecessor-version":[{"id":72061,"href":"https:\/\/24formosa.com.ar\/index.php?rest_route=\/wp\/v2\/posts\/72058\/revisions\/72061"}],"wp:featuredmedia":[{"embeddable":true,"href":"https:\/\/24formosa.com.ar\/index.php?rest_route=\/wp\/v2\/media\/72060"}],"wp:attachment":[{"href":"https:\/\/24formosa.com.ar\/index.php?rest_route=%2Fwp%2Fv2%2Fmedia&parent=72058"}],"wp:term":[{"taxonomy":"category","embeddable":true,"href":"https:\/\/24formosa.com.ar\/index.php?rest_route=%2Fwp%2Fv2%2Fcategories&post=72058"},{"taxonomy":"post_tag","embeddable":true,"href":"https:\/\/24formosa.com.ar\/index.php?rest_route=%2Fwp%2Fv2%2Ftags&post=72058"}],"curies":[{"name":"wp","href":"https:\/\/api.w.org\/{rel}","templated":true}]}}