{"id":72054,"date":"2026-04-27T21:07:58","date_gmt":"2026-04-28T00:07:58","guid":{"rendered":"https:\/\/24formosa.com.ar\/?p=72054"},"modified":"2026-04-27T21:07:58","modified_gmt":"2026-04-28T00:07:58","slug":"hasta-el-30-de-abril-podran-inscribirse-a-las-becas-progresar-superior","status":"publish","type":"post","link":"https:\/\/24formosa.com.ar\/?p=72054","title":{"rendered":"Hasta el 30 de abril podr\u00e1n inscribirse a las Becas Progresar Superior"},"content":{"rendered":"\n<p><em>La convocatoria de inscripci\u00f3n de las Becas Progresar 2026, para aquellos estudiantes que se encuentren cursando el Nivel Secundario, ya cerr\u00f3 el viernes 24 de abril. En tanto que, en el Superior, el plazo se extiende hasta este jueves 30 de abril.<\/em><\/p>\n\n\n\n<p>Al respecto, el profesor Hugo Araujo, coordinador de las Becas Progresar, confirm\u00f3 a la&nbsp;<strong><em>Agencia de Noticias Formosa (AGENFOR)<\/em><\/strong>&nbsp;que a esta primera convocatoria que ya finaliz\u00f3, \u201ctuvimos m\u00e1s o menos 14.800 inscriptos\u201d, y \u201cestamos en pleno proceso de evaluaci\u00f3n, esperando cu\u00e1les van a ser los becarios\u201d de la provincia de Formosa.&nbsp;<\/p>\n\n\n\n<p>Dicho proceso de evaluaci\u00f3n tiene como responsables a la Administraci\u00f3n Nacional de la Seguridad Social (ANSeS) y el Ministerio de Capital, a trav\u00e9s del cual hacen \u201cel cruce de datos para saber si aquellos inscriptos est\u00e1n en condiciones de cobrar esta beca\u201d, indic\u00f3.<\/p>\n\n\n\n<p>En cuanto a que \u201cuna de las condiciones para la inscripci\u00f3n de esta beca es tener clave y contrase\u00f1a de Mi Argentina, y como es una plataforma online\u201d, coment\u00f3 que, una de las situaciones que se dan, \u201cgeneralmente, es que los alumnos que se inscriben, hacen el usuario de contrase\u00f1a, pero pasado el tiempo, por diferentes circunstancias, la pierden\u201d.<\/p>\n\n\n\n<figure class=\"wp-block-image\"><a href=\"https:\/\/agenfor.com.ar\/wp-content\/uploads\/2026\/04\/5152172992702909443.jpg\"><img decoding=\"async\" src=\"https:\/\/agenfor.com.ar\/wp-content\/uploads\/2026\/04\/5152172992702909443-1024x682.jpg\" alt=\"\" class=\"wp-image-264913\"\/><\/a><figcaption class=\"wp-element-caption\">Hugo Araujo<\/figcaption><\/figure>\n\n\n\n<p>En algunos casos, esto sucede porque \u201cpierden el correo o el tel\u00e9fono, o tambi\u00e9n lo cambian y as\u00ed es como pierden la contrase\u00f1a\u201d, por esa raz\u00f3n, la recomendaci\u00f3n que les dio, si eso les sucede, es que \u201cdirectamente vayan a la instituci\u00f3n, hablen con los profesores y con el director y hagan toda la consulta primero por ah\u00ed y si no pueden solucionar, vayan a mesa de ayuda a Mi Argentina para recuperarlo\u201d.<\/p>\n\n\n\n<p>\u201cEsa es la \u00fanica manera de recuperarla\u201d, recalc\u00f3, ya que \u201ces uno de los grandes obst\u00e1culos\u201d que se presentan, pero del que \u201cnosotros no somos los responsables\u201d, sino que \u201ctodo se hace online, a trav\u00e9s de Puntos Digitales que tiene el Gobierno nacional\u201d.<\/p>\n\n\n\n<p>No obstante, se\u00f1al\u00f3 Jara que igualmente se brinda ayuda \u201ca aquellos j\u00f3venes que no puedan ingresar a la plataforma por ese motivo\u201d.<\/p>\n\n\n\n<p>Por otro lado, se refiri\u00f3 a las inscripciones de becas Progresar Superior, que estar\u00e1n cerrando este jueves 30 de abril, en donde \u201chay m\u00e1s o menos 2500 inscriptos y que tambi\u00e9n est\u00e1n en evaluaci\u00f3n\u201d, por lo que \u201clas instituciones est\u00e1n tambi\u00e9n en pleno proceso de certificaci\u00f3n\u201d.<\/p>\n\n\n\n<p>Es decir, se \u201cvan a verificar si los alumnos son regulares y est\u00e1n cursando las materias\u201d, y tambi\u00e9n desde la ANSeS y el Ministerio de Capital Humano de Naci\u00f3n \u201cevaluar lo socioecon\u00f3mico\u201d.<\/p>\n\n\n\n<p>En ese sentido, el alumno est\u00e1 en condiciones de cobrar esa beca, \u201csi el grupo familiar no supera los tres sueldos m\u00ednimo, vital y m\u00f3vil, esto es, que no supere un mill\u00f3n de pesos\u201d. \u201cAs\u00ed que estamos trabajando y ojal\u00e1 que la mayor\u00eda de estos j\u00f3venes que se inscribieron puedan cobrar esta m\u00ednima ayuda, que son de 35.000 pesos\u201d, concluy\u00f3.<\/p>\n","protected":false},"excerpt":{"rendered":"<p>La convocatoria de inscripci\u00f3n de las Becas Progresar 2026, para aquellos estudiantes que se encuentren<\/p>\n","protected":false},"author":8,"featured_media":72055,"comment_status":"closed","ping_status":"closed","sticky":false,"template":"","format":"standard","meta":{"footnotes":""},"categories":[1],"tags":[],"class_list":["post-72054","post","type-post","status-publish","format-standard","has-post-thumbnail","hentry","category-noticias"],"_links":{"self":[{"href":"https:\/\/24formosa.com.ar\/index.php?rest_route=\/wp\/v2\/posts\/72054","targetHints":{"allow":["GET"]}}],"collection":[{"href":"https:\/\/24formosa.com.ar\/index.php?rest_route=\/wp\/v2\/posts"}],"about":[{"href":"https:\/\/24formosa.com.ar\/index.php?rest_route=\/wp\/v2\/types\/post"}],"author":[{"embeddable":true,"href":"https:\/\/24formosa.com.ar\/index.php?rest_route=\/wp\/v2\/users\/8"}],"replies":[{"embeddable":true,"href":"https:\/\/24formosa.com.ar\/index.php?rest_route=%2Fwp%2Fv2%2Fcomments&post=72054"}],"version-history":[{"count":1,"href":"https:\/\/24formosa.com.ar\/index.php?rest_route=\/wp\/v2\/posts\/72054\/revisions"}],"predecessor-version":[{"id":72056,"href":"https:\/\/24formosa.com.ar\/index.php?rest_route=\/wp\/v2\/posts\/72054\/revisions\/72056"}],"wp:featuredmedia":[{"embeddable":true,"href":"https:\/\/24formosa.com.ar\/index.php?rest_route=\/wp\/v2\/media\/72055"}],"wp:attachment":[{"href":"https:\/\/24formosa.com.ar\/index.php?rest_route=%2Fwp%2Fv2%2Fmedia&parent=72054"}],"wp:term":[{"taxonomy":"category","embeddable":true,"href":"https:\/\/24formosa.com.ar\/index.php?rest_route=%2Fwp%2Fv2%2Fcategories&post=72054"},{"taxonomy":"post_tag","embeddable":true,"href":"https:\/\/24formosa.com.ar\/index.php?rest_route=%2Fwp%2Fv2%2Ftags&post=72054"}],"curies":[{"name":"wp","href":"https:\/\/api.w.org\/{rel}","templated":true}]}}