{"id":72051,"date":"2026-04-27T21:04:55","date_gmt":"2026-04-28T00:04:55","guid":{"rendered":"https:\/\/24formosa.com.ar\/?p=72051"},"modified":"2026-04-27T21:04:56","modified_gmt":"2026-04-28T00:04:56","slug":"la-maraton-internacional-de-formosa-2026-fue-todo-un-exito","status":"publish","type":"post","link":"https:\/\/24formosa.com.ar\/?p=72051","title":{"rendered":"La Marat\u00f3n Internacional de Formosa 2026 fue todo un \u00e9xito"},"content":{"rendered":"\n<p><em>El atleta oriundo de Laguna Yema, Adri\u00e1n Paliza, fue el ganador de los 42 kil\u00f3metros, como tambi\u00e9n Daniela Ferreira Roques. La competici\u00f3n se consolida como evento deportivo en la provincia.<\/em><\/p>\n\n\n\n<p>El arquitecto Edgar P\u00e9rez, administrador del Instituto de Asistencia Social (IAS) que acompa\u00f1\u00f3, adem\u00e1s de otras \u00e1reas del Gobierno de Formosa, al evento organizado por la Fundaci\u00f3n para la Asistencia Solidaria (FAS) y el equipo \u201cBendito Running\u201d; se\u00f1al\u00f3 que la segunda edici\u00f3n de la Marat\u00f3n Internacional de Formosa 2026 \u201cnos dej\u00f3 una jornada a pleno de deporte que fue maravillosa\u201d.<\/p>\n\n\n\n<p>Se desarroll\u00f3 durante la ma\u00f1ana de este domingo 26 en la ciudad capital, con la participaci\u00f3n de \u201catletas de todo el NEA y otras regiones de la Argentina, como de otros pa\u00edses\u201d.<\/p>\n\n\n\n<p>Dicho evento les \u201cbrind\u00f3 todas las condiciones para que ellos se sintieran seguros, conformes y cuidados\u201d, subray\u00f3 el funcionario, por lo que expres\u00f3 que se dej\u00f3 \u201cla vara bien alta\u201d, pensando a futuro en una \u201cnueva edici\u00f3n\u201d.<\/p>\n\n\n\n<figure class=\"wp-block-image\"><a href=\"https:\/\/agenfor.com.ar\/wp-content\/uploads\/2026\/04\/maraton-2026.jpg\"><img decoding=\"async\" src=\"https:\/\/agenfor.com.ar\/wp-content\/uploads\/2026\/04\/maraton-2026-1024x682.jpg\" alt=\"\" class=\"wp-image-264877\"\/><\/a><\/figure>\n\n\n\n<p>Es decir que \u201cesta segunda edici\u00f3n permiti\u00f3 tambi\u00e9n hacer hincapi\u00e9 en mejorar el trazado, brindarle al atleta visitante que conozca Formosa y todo lo que es la pol\u00edtica p\u00fablica reflejada en infraestructura deportiva, recreativa, de salud y las dem\u00e1s \u00e1reas\u201d, puso en relieve.<\/p>\n\n\n\n<figure class=\"wp-block-image\"><a href=\"https:\/\/agenfor.com.ar\/wp-content\/uploads\/2026\/04\/Edgar-Perez.jpg\"><img decoding=\"async\" src=\"https:\/\/agenfor.com.ar\/wp-content\/uploads\/2026\/04\/Edgar-Perez-1024x683.jpg\" alt=\"\" class=\"wp-image-264872\"\/><\/a><figcaption class=\"wp-element-caption\">P\u00e9rez<\/figcaption><\/figure>\n\n\n\n<p>Por ello, asegur\u00f3 P\u00e9rez que \u201cel trabajo hecho desde los diferentes organismos ratifica claramente la decisi\u00f3n del gobernador Gildo Insfr\u00e1n de tener al deporte como una herramienta que una a los pueblos en un momento tan complicado de la Argentina y donde el deporte no est\u00e1 en la agenda del Gobierno nacional\u201d.<\/p>\n\n\n\n<p>En ese mismo sentido se expres\u00f3 la presidenta de la FAS, la arquitecta Blanca Denis, quien dijo que \u201cnosotros siempre confiamos que ac\u00e1, en Formosa, tenemos un Modelo Formose\u00f1o, que es un proyecto pol\u00edtico que nos permite realizar este tipo de eventos\u201d.<\/p>\n\n\n\n<figure class=\"wp-block-image\"><a href=\"https:\/\/agenfor.com.ar\/wp-content\/uploads\/2026\/04\/maraton-2026-4.jpg\"><img decoding=\"async\" src=\"https:\/\/agenfor.com.ar\/wp-content\/uploads\/2026\/04\/maraton-2026-4-1024x682.jpg\" alt=\"\" class=\"wp-image-264876\"\/><\/a><\/figure>\n\n\n\n<p>Valor\u00f3 as\u00ed el compromiso que asumieron los distintos organismos, y esboz\u00f3 que \u201cel resultado super\u00f3 nuestras expectativas\u201d.<\/p>\n\n\n\n<p>\u201cA pesar de que a nivel nacional estamos viviendo una crisis total, una cat\u00e1strofe, por el Gobierno del presidente Javier Milei, gracias a la gesti\u00f3n de Insfr\u00e1n \u201cen Formosa podemos organizar este tipo de eventos del \u00e1mbito deportivo\u201d, sostuvo categ\u00f3rica.<\/p>\n\n\n\n<p>El secretario de Deportes y Recreaci\u00f3n Comunitaria Mario Romay tambi\u00e9n calific\u00f3 a esta jornada como una de las m\u00e1s importantes, donde los atletas compitieron en 42, 21 y siete kil\u00f3metros.<\/p>\n\n\n\n<p>En cuanto a las condiciones del tiempo, dijo que por suerte mejoraron, lo que \u201cayud\u00f3 a los corredores a que lograran buenos tiempos\u201d, y agreg\u00f3 el hecho de que se haya ampliado el trazado, permitiendo mostrarles a ellos \u201cm\u00e1s a la ciudad capital\u201d.<\/p>\n\n\n\n<figure class=\"wp-block-image\"><a href=\"https:\/\/agenfor.com.ar\/wp-content\/uploads\/2026\/04\/maraton-2026-3.jpg\"><img decoding=\"async\" src=\"https:\/\/agenfor.com.ar\/wp-content\/uploads\/2026\/04\/maraton-2026-3-1024x682.jpg\" alt=\"\" class=\"wp-image-264875\"\/><\/a><\/figure>\n\n\n\n<p>Eso, resalt\u00f3, \u201ces lo importante siempre mostrar a Formosa como destino de eventos deportivo\u201d, as\u00ed tambi\u00e9n este evento va ganando \u201cpoco a poco mayor trascendencia para los maratonistas de la regi\u00f3n\u201d.<\/p>\n\n\n\n<p>Por \u00faltimo, salud\u00f3 al ganador de los 42 kil\u00f3metros Adri\u00e1n Paliza, quien es oriundo de Laguna Yema y fue campe\u00f3n de varias instancias provinciales en atletismo.<\/p>\n\n\n\n<figure class=\"wp-block-image\"><a href=\"https:\/\/agenfor.com.ar\/wp-content\/uploads\/2026\/04\/premiacion-3.jpg\"><img decoding=\"async\" src=\"https:\/\/agenfor.com.ar\/wp-content\/uploads\/2026\/04\/premiacion-3-1024x682.jpg\" alt=\"\" class=\"wp-image-264880\"\/><\/a><figcaption class=\"wp-element-caption\">Romay<\/figcaption><\/figure>\n\n\n\n<p>Representando a Formosa, logr\u00f3 resultados destacados en Mar del Plata. En esa ciudad de la provincia de Buenos Aires se desarrollaban los Juegos Evita hasta que esos finalmente fueron desfinanciados por la Naci\u00f3n, ante lo cual Formosa cre\u00f3 sus propios Juegos Evita.<\/p>\n\n\n\n<p>En ellos tambi\u00e9n tuvo oportunidad de participar, por eso Romay signific\u00f3 que \u201cfue una gran alegr\u00eda reencontrarnos con \u00e9l\u201d porque eso significa que \u201csigue transitando por el camino del deporte\u201d.<\/p>\n","protected":false},"excerpt":{"rendered":"<p>El atleta oriundo de Laguna Yema, Adri\u00e1n Paliza, fue el ganador de los 42 kil\u00f3metros,<\/p>\n","protected":false},"author":8,"featured_media":72052,"comment_status":"closed","ping_status":"closed","sticky":false,"template":"","format":"standard","meta":{"footnotes":""},"categories":[1],"tags":[],"class_list":["post-72051","post","type-post","status-publish","format-standard","has-post-thumbnail","hentry","category-noticias"],"_links":{"self":[{"href":"https:\/\/24formosa.com.ar\/index.php?rest_route=\/wp\/v2\/posts\/72051","targetHints":{"allow":["GET"]}}],"collection":[{"href":"https:\/\/24formosa.com.ar\/index.php?rest_route=\/wp\/v2\/posts"}],"about":[{"href":"https:\/\/24formosa.com.ar\/index.php?rest_route=\/wp\/v2\/types\/post"}],"author":[{"embeddable":true,"href":"https:\/\/24formosa.com.ar\/index.php?rest_route=\/wp\/v2\/users\/8"}],"replies":[{"embeddable":true,"href":"https:\/\/24formosa.com.ar\/index.php?rest_route=%2Fwp%2Fv2%2Fcomments&post=72051"}],"version-history":[{"count":1,"href":"https:\/\/24formosa.com.ar\/index.php?rest_route=\/wp\/v2\/posts\/72051\/revisions"}],"predecessor-version":[{"id":72053,"href":"https:\/\/24formosa.com.ar\/index.php?rest_route=\/wp\/v2\/posts\/72051\/revisions\/72053"}],"wp:featuredmedia":[{"embeddable":true,"href":"https:\/\/24formosa.com.ar\/index.php?rest_route=\/wp\/v2\/media\/72052"}],"wp:attachment":[{"href":"https:\/\/24formosa.com.ar\/index.php?rest_route=%2Fwp%2Fv2%2Fmedia&parent=72051"}],"wp:term":[{"taxonomy":"category","embeddable":true,"href":"https:\/\/24formosa.com.ar\/index.php?rest_route=%2Fwp%2Fv2%2Fcategories&post=72051"},{"taxonomy":"post_tag","embeddable":true,"href":"https:\/\/24formosa.com.ar\/index.php?rest_route=%2Fwp%2Fv2%2Ftags&post=72051"}],"curies":[{"name":"wp","href":"https:\/\/api.w.org\/{rel}","templated":true}]}}