{"id":72048,"date":"2026-04-27T21:02:40","date_gmt":"2026-04-28T00:02:40","guid":{"rendered":"https:\/\/24formosa.com.ar\/?p=72048"},"modified":"2026-04-27T21:02:40","modified_gmt":"2026-04-28T00:02:40","slug":"el-mercado-comunitario-de-emprendedores-presenta-su-especial-patrio-con-el-concurso-de-la-empanada","status":"publish","type":"post","link":"https:\/\/24formosa.com.ar\/?p=72048","title":{"rendered":"El Mercado Comunitario de Emprendedores presenta su Especial Patrio con el Concurso de la Empanada"},"content":{"rendered":"\n<p><em>Gastron\u00f3micas podr\u00e1n compartir sus mejores recetas que destacan los sabores t\u00edpicos de la regi\u00f3n. Habr\u00e1 artistas en vivos y diferentes sectores con productos elaborados localmente.<\/em><\/p>\n\n\n\n<p>Gracias al Gobierno de la provincia de Formosa, el Mercado Comunitario de Emprendedores (MCE) llevar\u00e1 adelante una nueva edici\u00f3n especial en el marco de las celebraciones patrias, los d\u00edas 2 y 3 de mayo, desde las 19 horas, en el Galp\u00f3n \u201cG\u201d, con una propuesta que combina tradici\u00f3n, producci\u00f3n local y cultura.<\/p>\n\n\n\n<p>El evento tendr\u00e1 como principal atractivo el Concurso de la Empanada, donde emprendedores gastron\u00f3micos formose\u00f1os podr\u00e1n exhibir sus mejores recetas, destacando los sabores t\u00edpicos de la regi\u00f3n. Adem\u00e1s, habr\u00e1 artistas en vivo y diversos sectores con productos elaborados por emprendedores locales, generando un espacio de encuentro para toda la familia.<\/p>\n\n\n\n<p>Desde la organizaci\u00f3n destacaron que esta iniciativa forma parte de una pol\u00edtica sostenida de acompa\u00f1amiento al sector emprendedor.<\/p>\n\n\n\n<p>En ese sentido, la Subsecretar\u00eda de Empleo a cargo Mari\u00e1ngeles Vicentin, subray\u00f3 que este tipo de eventos son posibles gracias a la decisi\u00f3n pol\u00edtica del Gobierno de la provincia de Formosa \u201cde acompa\u00f1ar y fortalecer a nuestros emprendedores\u201d, por lo que, cada edici\u00f3n del Mercado Comunitario refleja \u201cel esfuerzo, el talento y la identidad de los formose\u00f1os\u201d.<\/p>\n\n\n\n<p>Asimismo, remarc\u00f3 que estos espacios no solo impulsan la comercializaci\u00f3n de productos locales, sino que tambi\u00e9n promueven la inclusi\u00f3n, el desarrollo econ\u00f3mico y el fortalecimiento del entramado social. \u201cQueremos que las familias se acerquen, disfruten, acompa\u00f1en a nuestros emprendedores y celebren juntos nuestras tradiciones\u201d, invit\u00f3.<\/p>\n\n\n\n<p>De esta manera, el Gobierno de la provincia de Formosa reafirma su compromiso con el crecimiento del sector emprendedor, generando oportunidades y consolidando espacios que ponen en valor la producci\u00f3n local.<\/p>\n","protected":false},"excerpt":{"rendered":"<p>Gastron\u00f3micas podr\u00e1n compartir sus mejores recetas que destacan los sabores t\u00edpicos de la regi\u00f3n. Habr\u00e1<\/p>\n","protected":false},"author":8,"featured_media":72049,"comment_status":"closed","ping_status":"closed","sticky":false,"template":"","format":"standard","meta":{"footnotes":""},"categories":[1],"tags":[],"class_list":["post-72048","post","type-post","status-publish","format-standard","has-post-thumbnail","hentry","category-noticias"],"_links":{"self":[{"href":"https:\/\/24formosa.com.ar\/index.php?rest_route=\/wp\/v2\/posts\/72048","targetHints":{"allow":["GET"]}}],"collection":[{"href":"https:\/\/24formosa.com.ar\/index.php?rest_route=\/wp\/v2\/posts"}],"about":[{"href":"https:\/\/24formosa.com.ar\/index.php?rest_route=\/wp\/v2\/types\/post"}],"author":[{"embeddable":true,"href":"https:\/\/24formosa.com.ar\/index.php?rest_route=\/wp\/v2\/users\/8"}],"replies":[{"embeddable":true,"href":"https:\/\/24formosa.com.ar\/index.php?rest_route=%2Fwp%2Fv2%2Fcomments&post=72048"}],"version-history":[{"count":1,"href":"https:\/\/24formosa.com.ar\/index.php?rest_route=\/wp\/v2\/posts\/72048\/revisions"}],"predecessor-version":[{"id":72050,"href":"https:\/\/24formosa.com.ar\/index.php?rest_route=\/wp\/v2\/posts\/72048\/revisions\/72050"}],"wp:featuredmedia":[{"embeddable":true,"href":"https:\/\/24formosa.com.ar\/index.php?rest_route=\/wp\/v2\/media\/72049"}],"wp:attachment":[{"href":"https:\/\/24formosa.com.ar\/index.php?rest_route=%2Fwp%2Fv2%2Fmedia&parent=72048"}],"wp:term":[{"taxonomy":"category","embeddable":true,"href":"https:\/\/24formosa.com.ar\/index.php?rest_route=%2Fwp%2Fv2%2Fcategories&post=72048"},{"taxonomy":"post_tag","embeddable":true,"href":"https:\/\/24formosa.com.ar\/index.php?rest_route=%2Fwp%2Fv2%2Ftags&post=72048"}],"curies":[{"name":"wp","href":"https:\/\/api.w.org\/{rel}","templated":true}]}}