{"id":72045,"date":"2026-04-27T20:56:56","date_gmt":"2026-04-27T23:56:56","guid":{"rendered":"https:\/\/24formosa.com.ar\/?p=72045"},"modified":"2026-04-27T20:56:57","modified_gmt":"2026-04-27T23:56:57","slug":"el-pueblo-de-formosa-exige-que-se-respete-la-voluntad-popular-en-el-marco-del-modelo-formoseno-advirtieron-desde-el-ipp","status":"publish","type":"post","link":"https:\/\/24formosa.com.ar\/?p=72045","title":{"rendered":"\u201cEl pueblo de Formosa exige que se respete la voluntad popular en el marco del Modelo Formose\u00f1o\u201d, advirtieron desde el IPP"},"content":{"rendered":"\n<p><em>Desde el Instituto Pedag\u00f3gico Provincial \u201cJusticia Social\u201d (IPP) repudiaron las expresiones del senador nacional de La Libertad Avanza, Francisco Paoltroni, calific\u00e1ndolas de \u201cirracionales\u201d.<\/em><\/p>\n\n\n\n<p>A trav\u00e9s de un comunicado, el Instituto Pedag\u00f3gico Provincial \u201cJusticia Social\u201d sali\u00f3 al cruce de las recientes declaraciones y acciones del senador nacional por la minor\u00eda, Francisco Paoltroni. Se\u00f1alaron que los intentos de promover una intervenci\u00f3n federal a la provincia son maniobras que buscan \u201cdistraer a la sociedad\u201d del impacto real que tienen las pol\u00edticas de ajuste del Gobierno nacional.<\/p>\n\n\n\n<p>\u201cEl verdadero problema es el Gobierno nacional de Javier Milei\u201d, expresaron desde el organismo y consideraron que \u201cla crisis real que vive la Rep\u00fablica Argentina es el resultado de las pol\u00edticas aplicadas por el Gobierno nacional libertario que ha desfinanciado a la educaci\u00f3n, la salud, la seguridad y la infraestructura, rompiendo el concepto de federalismo\u201d.<\/p>\n\n\n\n<p>De este modo, dejaron en claro que \u201cdesde el IPP sostenemos y acompa\u00f1amos la voluntad del pueblo formose\u00f1o, que elecci\u00f3n tras elecci\u00f3n expresa su decisi\u00f3n inclaudicable de defender un solo inter\u00e9s: el del Pueblo\u201d.<\/p>\n\n\n\n<p>Asimismo, subrayaron que \u201cel Modelo Formose\u00f1o conducido por el gobernador, doctor Gildo Insfr\u00e1n presenta la legitimidad jur\u00eddica y demuestra con acciones concretas, que la democracia se construye con un proyecto humanista que responde a las expectativas de la comunidad en su conjunto\u201d.<\/p>\n\n\n\n<p>Al finalizar, enfatizaron: \u201cEl Instituto Pedag\u00f3gico Provincial \u201cJusticia Social\u201d, por decisi\u00f3n pol\u00edtica del Gobernador de Formosa, desarrolla sus actividades en toda la provincia, permitiendo que las y los docentes accedan a las capacitaciones con equidad territorial y justicia social\u201d.<\/p>\n","protected":false},"excerpt":{"rendered":"<p>Desde el Instituto Pedag\u00f3gico Provincial \u201cJusticia Social\u201d (IPP) repudiaron las expresiones del senador nacional de<\/p>\n","protected":false},"author":8,"featured_media":72046,"comment_status":"closed","ping_status":"closed","sticky":false,"template":"","format":"standard","meta":{"footnotes":""},"categories":[1],"tags":[],"class_list":["post-72045","post","type-post","status-publish","format-standard","has-post-thumbnail","hentry","category-noticias"],"_links":{"self":[{"href":"https:\/\/24formosa.com.ar\/index.php?rest_route=\/wp\/v2\/posts\/72045","targetHints":{"allow":["GET"]}}],"collection":[{"href":"https:\/\/24formosa.com.ar\/index.php?rest_route=\/wp\/v2\/posts"}],"about":[{"href":"https:\/\/24formosa.com.ar\/index.php?rest_route=\/wp\/v2\/types\/post"}],"author":[{"embeddable":true,"href":"https:\/\/24formosa.com.ar\/index.php?rest_route=\/wp\/v2\/users\/8"}],"replies":[{"embeddable":true,"href":"https:\/\/24formosa.com.ar\/index.php?rest_route=%2Fwp%2Fv2%2Fcomments&post=72045"}],"version-history":[{"count":1,"href":"https:\/\/24formosa.com.ar\/index.php?rest_route=\/wp\/v2\/posts\/72045\/revisions"}],"predecessor-version":[{"id":72047,"href":"https:\/\/24formosa.com.ar\/index.php?rest_route=\/wp\/v2\/posts\/72045\/revisions\/72047"}],"wp:featuredmedia":[{"embeddable":true,"href":"https:\/\/24formosa.com.ar\/index.php?rest_route=\/wp\/v2\/media\/72046"}],"wp:attachment":[{"href":"https:\/\/24formosa.com.ar\/index.php?rest_route=%2Fwp%2Fv2%2Fmedia&parent=72045"}],"wp:term":[{"taxonomy":"category","embeddable":true,"href":"https:\/\/24formosa.com.ar\/index.php?rest_route=%2Fwp%2Fv2%2Fcategories&post=72045"},{"taxonomy":"post_tag","embeddable":true,"href":"https:\/\/24formosa.com.ar\/index.php?rest_route=%2Fwp%2Fv2%2Ftags&post=72045"}],"curies":[{"name":"wp","href":"https:\/\/api.w.org\/{rel}","templated":true}]}}