{"id":72039,"date":"2026-04-27T20:52:06","date_gmt":"2026-04-27T23:52:06","guid":{"rendered":"https:\/\/24formosa.com.ar\/?p=72039"},"modified":"2026-04-27T20:52:07","modified_gmt":"2026-04-27T23:52:07","slug":"formosa-conmemora-la-semana-de-la-vacunacion-en-las-americas","status":"publish","type":"post","link":"https:\/\/24formosa.com.ar\/?p=72039","title":{"rendered":"Formosa conmemora la Semana de la Vacunaci\u00f3n en las Am\u00e9ricas"},"content":{"rendered":"\n<p><em>El Gobierno de Formosa, a trav\u00e9s del Ministerio de Desarrollo Humano, centros de salud y hospitales de toda la provincia, desarrollar\u00e1 distintas actividades para concientizar a la poblaci\u00f3n sobre la importancia de las vacunas en todas las etapas de la vida, para prevenir enfermedades, evitar complicaciones y salvar millones de vidas cada a\u00f1o.<\/em><\/p>\n\n\n\n<p>Bajo el lema \u201cTu decisi\u00f3n marca la diferencia\u201d, desde el 25 de abril hasta el 2 de mayo de 2026, la Organizaci\u00f3n Panamericana de la Salud (OPS), junto con los pa\u00edses y territorios de la Regi\u00f3n de las Am\u00e9ricas y sus socios, celebra la 24\u00aa Semana de la Vacunaci\u00f3n en las Am\u00e9ricas (SVA) y la 15\u00aa Semana Mundial de la Inmunizaci\u00f3n (SMI).<\/p>\n\n\n\n<p>Como cada a\u00f1o, Formosa se suma a esta campa\u00f1a. El jefe del Departamento de Inmunizaciones del Ministerio de Desarrollo Humano, el licenciado Julio Arroyo, coment\u00f3 que en toda la provincia \u201clos centros de salud y hospitales est\u00e1n realizando distintas actividades alusivas que se extender\u00e1n a lo largo de la semana\u201d.<\/p>\n\n\n\n<p>Remarc\u00f3 que el Gobierno provincial viene llevando a cabo, de manera ininterrumpida, m\u00faltiples acciones y estrategias \u201cque tiene por objetivo facilitar a la poblaci\u00f3n el acceso a las vacunas que se encuentran incluidas en el Calendario Nacional de Inmunizaciones, y tambi\u00e9n los refuerzos de las vacunas COVID-19\u201d.<\/p>\n\n\n\n<p>En ese marco, durante la Semana de la Vacunaci\u00f3n en las Am\u00e9ricas \u201cse intensifican esas actividades, teniendo en cuenta que \u201ces mucho m\u00e1s que una campa\u00f1a anual, es el reflejo del esfuerzo conjunto que vienen haciendo los pa\u00edses de la regi\u00f3n para garantizar que cada persona pueda acceder a la protecci\u00f3n que brindan las vacunas\u201d, asegur\u00f3 el licenciado.<\/p>\n\n\n\n<p>En relaci\u00f3n al lema de este a\u00f1o, mencion\u00f3 que es una invitaci\u00f3n a reflexionar que cada acci\u00f3n individual puede transformarse en un beneficio para toda la comunidad porque \u201csi bien, la vacunaci\u00f3n es un derecho fundamental, es a su vez un deber. Es un acto de responsabilidad colectiva porque cuando yo me vacuna estoy protegiendo a la salud de los que me rodean\u201d, pronunci\u00f3.<\/p>\n\n\n\n<figure class=\"wp-block-image\"><a href=\"https:\/\/agenfor.com.ar\/wp-content\/uploads\/2026\/04\/Semana-de-la-Vacunacion-en-Las-Americas-3.jpeg\"><img decoding=\"async\" src=\"https:\/\/agenfor.com.ar\/wp-content\/uploads\/2026\/04\/Semana-de-la-Vacunacion-en-Las-Americas-3-927x1024.jpeg\" alt=\"\" class=\"wp-image-264935\"\/><\/a><\/figure>\n\n\n\n<p><strong>Metas<\/strong><\/p>\n\n\n\n<p>En el 2026, la campa\u00f1a se alinea nuevamente con la Iniciativa para la Eliminaci\u00f3n de Enfermedades, cuyo objetivo es acelerar la erradicaci\u00f3n, para el 2030, de m\u00e1s de 30 enfermedades transmisibles y afecciones relacionadas, de las cuales 11, son enfermedades prevenibles mediante vacunaci\u00f3n.<\/p>\n\n\n\n<p>Arroyo destac\u00f3 que la regi\u00f3n de las Am\u00e9ricas \u201cha sido ejemplo para el mundo\u201d, demostrando que es posible eliminar enfermedades prevenibles mediante la vacunaci\u00f3n como, por ejemplo, el sarampi\u00f3n \u201cque se logr\u00f3 eliminar en dos ocasiones\u201d.<\/p>\n\n\n\n<p><strong>Trabajar unidos<\/strong><\/p>\n\n\n\n<p>En ese sentido, puso en valor los avances alcanzados \u201csobre todo cuando trabajamos unidos, de manera articulada y sostenida\u201d. Pero, al mismo tiempo, advirti\u00f3 sobre los desaf\u00edos vigentes, teniendo en cuenta los brotes registrados desde fines del 2024.<\/p>\n\n\n\n<p>\u201cEso nos recuerda que los conquistas en materia de vacunaci\u00f3n deben sostenerse en el tiempo, redoblando esfuerzos y atendiendo a las necesidades de cada comunidad para garantizar que los servicios de salud sean cada vez m\u00e1s accesibles y de calidad\u201d.<\/p>\n\n\n\n<p><strong>Salud p\u00fablica como prioridad<\/strong><\/p>\n\n\n\n<p>Para cerrar, el funcionario expuso que, en Formosa, desde hace muchos a\u00f1os el Gobierno de la provincia de Formosa, encabezado por el doctor Gildo Insfr\u00e1n, \u201cpone a la salud p\u00fablica como prioridad y dentro de las pol\u00edticas sanitarias, hacer llegar las vacunas a toda la poblaci\u00f3n y a todos los rincones del territorio provincial, est\u00e1 entre las primeras acciones de la agenda y como bandera de la atenci\u00f3n primaria de la salud\u201d.<\/p>\n","protected":false},"excerpt":{"rendered":"<p>El Gobierno de Formosa, a trav\u00e9s del Ministerio de Desarrollo Humano, centros de salud y<\/p>\n","protected":false},"author":8,"featured_media":72040,"comment_status":"closed","ping_status":"closed","sticky":false,"template":"","format":"standard","meta":{"footnotes":""},"categories":[1],"tags":[],"class_list":["post-72039","post","type-post","status-publish","format-standard","has-post-thumbnail","hentry","category-noticias"],"_links":{"self":[{"href":"https:\/\/24formosa.com.ar\/index.php?rest_route=\/wp\/v2\/posts\/72039","targetHints":{"allow":["GET"]}}],"collection":[{"href":"https:\/\/24formosa.com.ar\/index.php?rest_route=\/wp\/v2\/posts"}],"about":[{"href":"https:\/\/24formosa.com.ar\/index.php?rest_route=\/wp\/v2\/types\/post"}],"author":[{"embeddable":true,"href":"https:\/\/24formosa.com.ar\/index.php?rest_route=\/wp\/v2\/users\/8"}],"replies":[{"embeddable":true,"href":"https:\/\/24formosa.com.ar\/index.php?rest_route=%2Fwp%2Fv2%2Fcomments&post=72039"}],"version-history":[{"count":1,"href":"https:\/\/24formosa.com.ar\/index.php?rest_route=\/wp\/v2\/posts\/72039\/revisions"}],"predecessor-version":[{"id":72041,"href":"https:\/\/24formosa.com.ar\/index.php?rest_route=\/wp\/v2\/posts\/72039\/revisions\/72041"}],"wp:featuredmedia":[{"embeddable":true,"href":"https:\/\/24formosa.com.ar\/index.php?rest_route=\/wp\/v2\/media\/72040"}],"wp:attachment":[{"href":"https:\/\/24formosa.com.ar\/index.php?rest_route=%2Fwp%2Fv2%2Fmedia&parent=72039"}],"wp:term":[{"taxonomy":"category","embeddable":true,"href":"https:\/\/24formosa.com.ar\/index.php?rest_route=%2Fwp%2Fv2%2Fcategories&post=72039"},{"taxonomy":"post_tag","embeddable":true,"href":"https:\/\/24formosa.com.ar\/index.php?rest_route=%2Fwp%2Fv2%2Ftags&post=72039"}],"curies":[{"name":"wp","href":"https:\/\/api.w.org\/{rel}","templated":true}]}}