{"id":72036,"date":"2026-04-27T20:49:06","date_gmt":"2026-04-27T23:49:06","guid":{"rendered":"https:\/\/24formosa.com.ar\/?p=72036"},"modified":"2026-04-27T20:49:07","modified_gmt":"2026-04-27T23:49:07","slug":"el-centro-de-salud-lote-8-cerro-la-semana-de-los-pueblos-originarios-en-la-comunidad-tres-palmas","status":"publish","type":"post","link":"https:\/\/24formosa.com.ar\/?p=72036","title":{"rendered":"El centro de salud Lote 8 cerr\u00f3 la Semana de los Pueblos Originarios en la comunidad Tres Palmas"},"content":{"rendered":"\n<p><em>Con una jornada que incluy\u00f3 actividades recreativas, deportivas y un almuerzo compartido, reafirmando el compromiso con la inclusi\u00f3n, el respeto por la identidad pluricultural y el fortalecimiento permanente de los lazos con las poblaciones abor\u00edgenes.<\/em><\/p>\n\n\n\n<p>La actividad tuvo lugar el s\u00e1bado 25 de abril y fue organizada por el equipo del centro de salud Lote 8, en conjunto con el personal policial y de la delegaci\u00f3n zonal local.<\/p>\n\n\n\n<p>Al respecto, el director del efector sanitario, licenciado Diego Fern\u00e1ndez, se\u00f1al\u00f3: \u201cRealizamos el cierre de la semana de los pueblos originarios en Tres Palmas, comunidad que pertenece a nuestra \u00e1rea program\u00e1tica, con el objetivo de seguir promoviendo espacios de integraci\u00f3n, no solo desde el cuidado de la salud sino tambi\u00e9n mediante otras actividades\u201d.<\/p>\n\n\n\n<p>En ese punto, ampli\u00f3 que durante la jornada conmemorativa se desarrollaron juegos recreativos y actividades deportivas como f\u00fatbol y v\u00f3ley, con una amplia participaci\u00f3n de ni\u00f1as, ni\u00f1os, j\u00f3venes y adultos de la comunidad.<\/p>\n\n\n\n<p>Adem\u00e1s, se cont\u00f3 con animadores que se sumaron al festejo y se llevaron a cabo sorteos con premios y regalos destinados a las familias.<\/p>\n\n\n\n<p>El evento culmin\u00f3 con un almuerzo comunitario, orientado a seguir fortaleciendo los v\u00ednculos entre los vecinos y, al mismo tiempo, entre la comunidad y&nbsp; las instituciones.<\/p>\n\n\n\n<figure class=\"wp-block-image\"><a href=\"https:\/\/agenfor.com.ar\/wp-content\/uploads\/2026\/04\/CS-Lote-8-cierre-Semana-de-los-Pueblos-Originarios-5.jpeg\"><img decoding=\"async\" src=\"https:\/\/agenfor.com.ar\/wp-content\/uploads\/2026\/04\/CS-Lote-8-cierre-Semana-de-los-Pueblos-Originarios-5-1024x768.jpeg\" alt=\"\" class=\"wp-image-264971\"\/><\/a><\/figure>\n\n\n\n<p>Fern\u00e1ndez destac\u00f3 la numerosa asistencia y participaci\u00f3n de los pobladores. A la vez, agradeci\u00f3 el acompa\u00f1amiento de todo el equipo de salud, de los directivos del establecimiento educativo donde tuvo lugar el encuentro y de las dem\u00e1s instituciones \u201cque hicieron su aporte para que todo salga bien. Gracias por la buena predisposici\u00f3n y el apoyo de siempre\u201d, manifest\u00f3.<\/p>\n\n\n\n<p>\u201cNuestro centro de salud trabaja mayormente con comunidades abor\u00edgenes, a quienes les brindamos diariamente los servicios gratuitos que tenemos disponibles, tanto en el efector como a trav\u00e9s de salidas a terreno para acercarle las atenciones y hacer un&nbsp;<a><\/a>seguimiento exhaustivo de su estado de salud, peri\u00f3dicamente y en base a una agenda programada\u201d, detall\u00f3.<\/p>\n\n\n\n<p>Y recalc\u00f3 que, adem\u00e1s de eso \u201cconmemorar y compartir con ellos la Semana de los Pueblos Originarios, es una forma de homenajearlos, de poner en valor la cultura de estas comunidades y la diversidad multi\u00e9tnica que hay en nuestra provincia, algo que nos enorgullece\u201d, asegur\u00f3 el profesional.<\/p>\n\n\n\n<p>A la vez, destac\u00f3 que este tipo de iniciativas, se enmarcan en las pol\u00edticas p\u00fablicas, implementadas por el Gobierno de Formosa para garantizar el reconocimiento a su identidad, a su historia y a sus derechos, promoviendo su inclusi\u00f3n, su participaci\u00f3n y el acceso equitativo a servicios esenciales como la salud, la educaci\u00f3n y la recreaci\u00f3n.<\/p>\n","protected":false},"excerpt":{"rendered":"<p>Con una jornada que incluy\u00f3 actividades recreativas, deportivas y un almuerzo compartido, reafirmando el compromiso<\/p>\n","protected":false},"author":8,"featured_media":72037,"comment_status":"closed","ping_status":"closed","sticky":false,"template":"","format":"standard","meta":{"footnotes":""},"categories":[1],"tags":[],"class_list":["post-72036","post","type-post","status-publish","format-standard","has-post-thumbnail","hentry","category-noticias"],"_links":{"self":[{"href":"https:\/\/24formosa.com.ar\/index.php?rest_route=\/wp\/v2\/posts\/72036","targetHints":{"allow":["GET"]}}],"collection":[{"href":"https:\/\/24formosa.com.ar\/index.php?rest_route=\/wp\/v2\/posts"}],"about":[{"href":"https:\/\/24formosa.com.ar\/index.php?rest_route=\/wp\/v2\/types\/post"}],"author":[{"embeddable":true,"href":"https:\/\/24formosa.com.ar\/index.php?rest_route=\/wp\/v2\/users\/8"}],"replies":[{"embeddable":true,"href":"https:\/\/24formosa.com.ar\/index.php?rest_route=%2Fwp%2Fv2%2Fcomments&post=72036"}],"version-history":[{"count":1,"href":"https:\/\/24formosa.com.ar\/index.php?rest_route=\/wp\/v2\/posts\/72036\/revisions"}],"predecessor-version":[{"id":72038,"href":"https:\/\/24formosa.com.ar\/index.php?rest_route=\/wp\/v2\/posts\/72036\/revisions\/72038"}],"wp:featuredmedia":[{"embeddable":true,"href":"https:\/\/24formosa.com.ar\/index.php?rest_route=\/wp\/v2\/media\/72037"}],"wp:attachment":[{"href":"https:\/\/24formosa.com.ar\/index.php?rest_route=%2Fwp%2Fv2%2Fmedia&parent=72036"}],"wp:term":[{"taxonomy":"category","embeddable":true,"href":"https:\/\/24formosa.com.ar\/index.php?rest_route=%2Fwp%2Fv2%2Fcategories&post=72036"},{"taxonomy":"post_tag","embeddable":true,"href":"https:\/\/24formosa.com.ar\/index.php?rest_route=%2Fwp%2Fv2%2Ftags&post=72036"}],"curies":[{"name":"wp","href":"https:\/\/api.w.org\/{rel}","templated":true}]}}