{"id":70056,"date":"2025-11-14T21:09:19","date_gmt":"2025-11-15T00:09:19","guid":{"rendered":"https:\/\/24formosa.com.ar\/?p=70056"},"modified":"2025-11-14T21:09:20","modified_gmt":"2025-11-15T00:09:20","slug":"para-conmemorar-el-dia-de-la-educacion-tecnica-realizaron-un-acto-y-un-muestreo-de-trabajos","status":"publish","type":"post","link":"https:\/\/24formosa.com.ar\/?p=70056","title":{"rendered":"Para conmemorar el D\u00eda de la Educaci\u00f3n T\u00e9cnica, realizaron un acto y un muestreo de trabajos"},"content":{"rendered":"\n<p><em>El 15 de noviembre se celebra el D\u00eda de la Educaci\u00f3n T\u00e9cnica en Argentina, para evocar la creaci\u00f3n del Consejo Nacional de Educaci\u00f3n T\u00e9cnica (CONET) en 1959, que actualmente es el Instituto Nacional de Educaci\u00f3n Tecnol\u00f3gica (INET). Para conmemorar esta fecha educativa tan importante, en la ma\u00f1ana de este viernes 14, en la Escuela Provincial de Educaci\u00f3n T\u00e9cnica N\u00b01 (EPET) de la ciudad capital, realizaron un acto y un muestro de trabajos realizados por los estudiantes.&nbsp;<\/em><\/p>\n\n\n\n<p>Al evento, asistieron el ministro de Cultura y Educaci\u00f3n de Formosa, el ingeniero Julio Ar\u00e1oz; el director de Educaci\u00f3n T\u00e9cnica, Pablo Bar\u00f3n Pe\u00f1a; y dem\u00e1s autoridades.<\/p>\n\n\n\n<p>Ar\u00e1oz dialog\u00f3 con la Agencia de Noticias Formosa (AGENFOR) y expres\u00f3 que esta fecha, m\u00e1s all\u00e1 de ser un momento de conmemoraci\u00f3n, \u201ces de profunda reflexi\u00f3n, considerando la situaci\u00f3n particular en la cual se encuentra la educaci\u00f3n t\u00e9cnica en el marco de una reducci\u00f3n presupuestaria y un ataque frontal a la educaci\u00f3n p\u00fablica, por parte del Gobierno nacional conducido por el libertario Javier Milei\u201d.<\/p>\n\n\n\n<p>En este sentido, record\u00f3 que \u201cpara el Modelo Formose\u00f1o, la educaci\u00f3n es uno de los ejes centrales, porque desde que el gobernador Gildo Insfr\u00e1n transitaba la provincia como candidato, ya propon\u00eda a los formose\u00f1os esa alianza estrat\u00e9gica entre educaci\u00f3n y trabajo\u201d, lo cual hoy se ve materializado en los hechos, \u201cmediante mucho esfuerzo y gesti\u00f3n\u201d.<\/p>\n\n\n\n<figure class=\"wp-block-image\"><a href=\"https:\/\/agenfor.com.ar\/wp-content\/uploads\/2025\/11\/Exposicion-por-el-Dia-de-la-Educacion-Tecnica-4.jpeg\"><img decoding=\"async\" src=\"https:\/\/agenfor.com.ar\/wp-content\/uploads\/2025\/11\/Exposicion-por-el-Dia-de-la-Educacion-Tecnica-4-1024x682.jpeg\" alt=\"\" class=\"wp-image-250834\"\/><\/a><\/figure>\n\n\n\n<p>\u201cNuestros j\u00f3venes demuestran lo que son capaces de hacer y eso es de destacar y admirar, m\u00e1s para una provincia joven como lo es Formosa\u201d, cerr\u00f3.<\/p>\n\n\n\n<p>Por su parte, el director Bar\u00f3n Pe\u00f1a indic\u00f3 que la exposici\u00f3n es una forma de socializar con la comunidad educativa y, en general, mostrar los productos del proceso t\u00e9cnico-pedag\u00f3gico que realizaron los estudiantes de primer a\u00f1o hasta el \u00faltimo durante el ciclo lectivo en las escuelas.<\/p>\n\n\n\n<p>Advirti\u00f3, asimismo, que \u201cestamos atravesando una situaci\u00f3n compleja con un futuro incierto\u201d, ante las decisiones del Gobierno nacional \u201cal desfinanciar la educaci\u00f3n p\u00fablica y no aplicar la Ley de Educaci\u00f3n T\u00e9cnica que corresponde\u201d, no obstante \u201cen Formosa tenemos una visi\u00f3n esperanzadora gracias al apoyo que se recibe por parte del Gobierno provincial\u201d, lo cual permite que las instituciones puedan desarrollar el proceso de ense\u00f1anza y aprendizaje, subray\u00f3.<\/p>\n\n\n\n<p>Para cerrar, concluy\u00f3 que \u201ca pesar de las adversidades y las decisiones que van en contra, en Formosa se sigue hablando de educaci\u00f3n t\u00e9cnica con inclusi\u00f3n, con calidad y, sobre todo, con una mirada de profunda justicia social, que es lo que necesitamos para la educaci\u00f3n\u201d.<\/p>\n\n\n\n<figure class=\"wp-block-image\"><a href=\"https:\/\/agenfor.com.ar\/wp-content\/uploads\/2025\/11\/Baron-Pena-Director-de-Educacion-Tecnica.jpeg\"><img decoding=\"async\" src=\"https:\/\/agenfor.com.ar\/wp-content\/uploads\/2025\/11\/Baron-Pena-Director-de-Educacion-Tecnica-1024x682.jpeg\" alt=\"\" class=\"wp-image-250832\"\/><\/a><figcaption class=\"wp-element-caption\">Director de Educaci\u00f3n T\u00e9cnica, Pablo Bar\u00f3n Pe\u00f1a.<\/figcaption><\/figure>\n","protected":false},"excerpt":{"rendered":"<p>El 15 de noviembre se celebra el D\u00eda de la Educaci\u00f3n T\u00e9cnica en Argentina, para<\/p>\n","protected":false},"author":8,"featured_media":70057,"comment_status":"closed","ping_status":"closed","sticky":false,"template":"","format":"standard","meta":{"footnotes":""},"categories":[1],"tags":[],"class_list":["post-70056","post","type-post","status-publish","format-standard","has-post-thumbnail","hentry","category-noticias"],"_links":{"self":[{"href":"https:\/\/24formosa.com.ar\/index.php?rest_route=\/wp\/v2\/posts\/70056","targetHints":{"allow":["GET"]}}],"collection":[{"href":"https:\/\/24formosa.com.ar\/index.php?rest_route=\/wp\/v2\/posts"}],"about":[{"href":"https:\/\/24formosa.com.ar\/index.php?rest_route=\/wp\/v2\/types\/post"}],"author":[{"embeddable":true,"href":"https:\/\/24formosa.com.ar\/index.php?rest_route=\/wp\/v2\/users\/8"}],"replies":[{"embeddable":true,"href":"https:\/\/24formosa.com.ar\/index.php?rest_route=%2Fwp%2Fv2%2Fcomments&post=70056"}],"version-history":[{"count":1,"href":"https:\/\/24formosa.com.ar\/index.php?rest_route=\/wp\/v2\/posts\/70056\/revisions"}],"predecessor-version":[{"id":70058,"href":"https:\/\/24formosa.com.ar\/index.php?rest_route=\/wp\/v2\/posts\/70056\/revisions\/70058"}],"wp:featuredmedia":[{"embeddable":true,"href":"https:\/\/24formosa.com.ar\/index.php?rest_route=\/wp\/v2\/media\/70057"}],"wp:attachment":[{"href":"https:\/\/24formosa.com.ar\/index.php?rest_route=%2Fwp%2Fv2%2Fmedia&parent=70056"}],"wp:term":[{"taxonomy":"category","embeddable":true,"href":"https:\/\/24formosa.com.ar\/index.php?rest_route=%2Fwp%2Fv2%2Fcategories&post=70056"},{"taxonomy":"post_tag","embeddable":true,"href":"https:\/\/24formosa.com.ar\/index.php?rest_route=%2Fwp%2Fv2%2Ftags&post=70056"}],"curies":[{"name":"wp","href":"https:\/\/api.w.org\/{rel}","templated":true}]}}