{"id":70053,"date":"2025-11-14T20:57:58","date_gmt":"2025-11-14T23:57:58","guid":{"rendered":"https:\/\/24formosa.com.ar\/?p=70053"},"modified":"2025-11-14T20:57:58","modified_gmt":"2025-11-14T23:57:58","slug":"muracciole-en-formosa-la-educacion-es-una-politica-de-estado","status":"publish","type":"post","link":"https:\/\/24formosa.com.ar\/?p=70053","title":{"rendered":"Muracciole: \u201cEn Formosa, la educaci\u00f3n es una pol\u00edtica de Estado\u201d"},"content":{"rendered":"\n<p><em>El economista y rector de la Universidad Provincial de Laguna Blanca (UPLaB), Adri\u00e1n Muracciole, analiz\u00f3 los n\u00fameros del sistema educativo formose\u00f1o y respondi\u00f3 a un reciente informe que cuestiona la inversi\u00f3n educativa en la provincia.<\/em><\/p>\n\n\n\n<p>El pasado jueves 13, un medio nacional public\u00f3 un informe que se\u00f1ala que en todas las provincias, incluso Formosa, se produjo una ca\u00edda del gasto educativo.<\/p>\n\n\n\n<p>En este sentido, Muracciole se\u00f1al\u00f3 que \u201ccuando se habla de educaci\u00f3n, hay que hacerlo con datos serios y sin mezquindades ni intencionalidades. El informe afirma que el gasto educativo en Formosa cay\u00f3 un 25,7% en 2024 en t\u00e9rminos reales\u201d.<\/p>\n\n\n\n<p>\u201cSin embargo, los datos oficiales de la Direcci\u00f3n Nacional de Asuntos Provinciales del Ministerio de Econom\u00eda de la Naci\u00f3n muestran otra realidad: Formosa destin\u00f3 en 2024 un 138% m\u00e1s de recursos que en 2023. Y si descontamos la inflaci\u00f3n del NEA, que fue del 103,9%, el gasto real creci\u00f3 un 15,9%. Es decir, el gasto no cay\u00f3 sino todo lo contrario. Aument\u00f3 por encima de la inflaci\u00f3n\u201d, indic\u00f3.<\/p>\n\n\n\n<p>Sobre la diferencia que muestra el informe, el Rector se\u00f1al\u00f3 que \u201cno me corresponde juzgar intenciones, pero s\u00ed puedo se\u00f1alar que suele suceder que ciertas ONG que se dedican a asesor\u00edas tienen intereses particulares, y por lo tanto suelen difunden lecturas sesgadas a favor de las provincias a las que asesoran o en contra de las provincias que no contratan sus servicios\u201d.<\/p>\n\n\n\n<p>\u201cEn este caso particular desconozco el motivo, pero claramente la informaci\u00f3n que difunden es falsa y para los medios nacionales es m\u00e1s f\u00e1cil difundir informaci\u00f3n f\u00e1cil con titulares estridentes que chequear la informaci\u00f3n. Sin embargo, cuando hablamos de educaci\u00f3n, la discusi\u00f3n merece otra altura\u201d, sostuvo.<\/p>\n\n\n\n<p>Respecto a lo publicado sobre el salario docente, Muracciole aclar\u00f3 los n\u00fameros tomando como base el salario inicial de un maestro de grado; y coment\u00f3 que \u201cen 2024, el salario inicial de un docente en Formosa aument\u00f3 un 164%, porque adem\u00e1s del incremento en el punto \u00edndice, el gobernador Gildo Insfr\u00e1n estableci\u00f3 un Complemento por Servicio Docente que elev\u00f3 a\u00fan m\u00e1s el salario. Con ello, el increment\u00f3 del a\u00f1o pasado, medido en t\u00e9rminos reales, fue del 31%\u201d.<\/p>\n\n\n\n<p>\u201cEn 2025, el incremento fue del 61,9%, es decir, 13,3% por encima de la inflaci\u00f3n proyectada. Si tomamos el per\u00edodo completo desde la asunci\u00f3n del actual Gobierno nacional hasta hoy, el salario docente en Formosa creci\u00f3 un 334%, frente a una inflaci\u00f3n acumulada del 227%. Eso significa una recuperaci\u00f3n real del 32,5%\u201d, aclar\u00f3.<\/p>\n\n\n\n<p>Para finalizar, Muracciole asegur\u00f3 que \u201cen Formosa la educaci\u00f3n es una cuesti\u00f3n de Estado. Por ello, el Gobierno provincial la prioriza en la inversi\u00f3n con 47 escuelas construidas solo este a\u00f1o, sino que tambi\u00e9n se reconoce el esfuerzo de quienes ense\u00f1an\u201d.<\/p>\n\n\n\n<p>\u201cEl resultado de la planificaci\u00f3n del Gobierno provincial, la inversi\u00f3n en educaci\u00f3n, el modelo pedag\u00f3gico y el compromiso de los docentes, se refleja en los excelentes resultados que los estudiantes de Formosa demuestran en las Pruebas Aprender\u201d, manifest\u00f3.<\/p>\n\n\n\n<p>Y cerr\u00f3: \u201cComo Rector de la Universidad Provincial de Laguna Blanca, lo veo todos los d\u00edas: docentes comprometidos, estudiantes que avanzan, y un Gobierno provincial que planifica y ejecuta con prioridad en la educaci\u00f3n, la salud, la inclusi\u00f3n y la equidad. Por eso, frente a cualquier intento de desinformar, nuestra mejor respuesta es seguir trabajando con datos, con respeto y con convicci\u00f3n\u201d.<\/p>\n","protected":false},"excerpt":{"rendered":"<p>El economista y rector de la Universidad Provincial de Laguna Blanca (UPLaB), Adri\u00e1n Muracciole, analiz\u00f3<\/p>\n","protected":false},"author":8,"featured_media":70054,"comment_status":"closed","ping_status":"closed","sticky":false,"template":"","format":"standard","meta":{"footnotes":""},"categories":[1],"tags":[],"class_list":["post-70053","post","type-post","status-publish","format-standard","has-post-thumbnail","hentry","category-noticias"],"_links":{"self":[{"href":"https:\/\/24formosa.com.ar\/index.php?rest_route=\/wp\/v2\/posts\/70053","targetHints":{"allow":["GET"]}}],"collection":[{"href":"https:\/\/24formosa.com.ar\/index.php?rest_route=\/wp\/v2\/posts"}],"about":[{"href":"https:\/\/24formosa.com.ar\/index.php?rest_route=\/wp\/v2\/types\/post"}],"author":[{"embeddable":true,"href":"https:\/\/24formosa.com.ar\/index.php?rest_route=\/wp\/v2\/users\/8"}],"replies":[{"embeddable":true,"href":"https:\/\/24formosa.com.ar\/index.php?rest_route=%2Fwp%2Fv2%2Fcomments&post=70053"}],"version-history":[{"count":1,"href":"https:\/\/24formosa.com.ar\/index.php?rest_route=\/wp\/v2\/posts\/70053\/revisions"}],"predecessor-version":[{"id":70055,"href":"https:\/\/24formosa.com.ar\/index.php?rest_route=\/wp\/v2\/posts\/70053\/revisions\/70055"}],"wp:featuredmedia":[{"embeddable":true,"href":"https:\/\/24formosa.com.ar\/index.php?rest_route=\/wp\/v2\/media\/70054"}],"wp:attachment":[{"href":"https:\/\/24formosa.com.ar\/index.php?rest_route=%2Fwp%2Fv2%2Fmedia&parent=70053"}],"wp:term":[{"taxonomy":"category","embeddable":true,"href":"https:\/\/24formosa.com.ar\/index.php?rest_route=%2Fwp%2Fv2%2Fcategories&post=70053"},{"taxonomy":"post_tag","embeddable":true,"href":"https:\/\/24formosa.com.ar\/index.php?rest_route=%2Fwp%2Fv2%2Ftags&post=70053"}],"curies":[{"name":"wp","href":"https:\/\/api.w.org\/{rel}","templated":true}]}}