{"id":70050,"date":"2025-11-14T20:55:06","date_gmt":"2025-11-14T23:55:06","guid":{"rendered":"https:\/\/24formosa.com.ar\/?p=70050"},"modified":"2025-11-14T20:55:07","modified_gmt":"2025-11-14T23:55:07","slug":"informaron-faltante-de-vacunas-covid-19-por-parte-del-ministerio-de-salud-de-la-nacion","status":"publish","type":"post","link":"https:\/\/24formosa.com.ar\/?p=70050","title":{"rendered":"Informaron faltante de vacunas COVID-19 por parte del Ministerio de Salud de la Naci\u00f3n"},"content":{"rendered":"\n<p><em>Ante esa situaci\u00f3n, Formosa enfrenta la falta de dosis de refuerzos, en un contexto de aumento de casos que se viene dando en las \u00faltimas semanas en la provincia, en concordancia con la tendencia que se registra a nivel nacional.<\/em><\/p>\n\n\n\n<p>El Gobierno de Formosa, a trav\u00e9s del Ministerio de Desarrollo Humano, advirti\u00f3 sobre la falta de vacunas contra el COVID-19 por parte del Ministerio de Salud de la Naci\u00f3n.<\/p>\n\n\n\n<p>A pesar de reiterados reclamos efectuados desde el Departamento de Inmunizaciones, dependiente de la cartera sanitaria provincial, \u201cy en medio de un nuevo aumento, no estamos disponiendo de los refuerzos de vacunas contra el COVID-19 porque el Ministerio de Salud de la Naci\u00f3n, no est\u00e1 enviando\u201d, remarc\u00f3 el jefe del mencionado Departamento, el licenciado Julio Arroyo.<\/p>\n\n\n\n<p>Dio a conocer que, desde ese organismo nacional, fundamentan dicho accionar en que \u201clas vacunas se encuentran desde hace dos meses en la Aduana a la espera de los tr\u00e1mites que debe presentar el Ministerio de Salud de la Naci\u00f3n para retirar las dosis y distribuirlas a las provincias\u201d.<\/p>\n\n\n\n<p>Al mismo tiempo, puso de resalto, que \u201cno s\u00f3lo Formosa est\u00e1 afectada por la falta de estas vacunas, sino que, en este momento, son m\u00e1s de 20 las provincias del pa\u00eds que no cuentan con las dosis de vacunas contra el COVID-19 debido a que, desde Naci\u00f3n, el env\u00edo est\u00e1 suspendido\u201d.<\/p>\n\n\n\n<figure class=\"wp-block-image\"><a href=\"https:\/\/agenfor.com.ar\/wp-content\/uploads\/2025\/11\/Vacuna-COVID-1.jpg\"><img decoding=\"async\" src=\"https:\/\/agenfor.com.ar\/wp-content\/uploads\/2025\/11\/Vacuna-COVID-1.jpg\" alt=\"\" class=\"wp-image-250775\"\/><\/a><\/figure>\n\n\n\n<p><strong>Vigilancia epidemiol\u00f3gica intensificada<\/strong><\/p>\n\n\n\n<p>En relaci\u00f3n al tema, se refiri\u00f3 tambi\u00e9n la directora de Epidemiolog\u00eda y Medicina Tropical del Ministerio de Desarrollo Humano, la doctora Claudia Rodr\u00edguez, quien asegur\u00f3 que, si bien \u201cestamos con un aumento de casos positivos respecto al COVID-19, el Gobierno de la provincia de Formosa est\u00e1 reforzando las m\u00faltiples acciones vinculadas a la vigilancia epidemiol\u00f3gica\u201d.<\/p>\n\n\n\n<p>Eso incluye el hisopado a todas las personas sintom\u00e1ticas respiratorias que acuden a la consulta, \u201cque se realizan en los centros de salud y hospitales de toda la provincia, ya que en Formosa tenemos disponibilidad de reactivos para el an\u00e1lisis de las muestras en todos los laboratorios de la red p\u00fablica de salud provincial, lo que nos permite detectar los casos y que quiz\u00e1s otras provincias no lo est\u00e1n haciendo\u201d, expuso la epidemi\u00f3loga.<\/p>\n\n\n\n<p>Asimismo, remarc\u00f3 que, en el contexto de la falta de vacunas, \u201ccon m\u00e1s raz\u00f3n, es fundamental cumplir con las medidas de prevenci\u00f3n, a fin de cortar la transmisi\u00f3n del virus, teniendo en cuenta que se disemina muy r\u00e1pidamente en la comunidad y evitar as\u00ed, que el n\u00famero de casos siga ascendiendo y se produzcan contagios masivos\u201d.<\/p>\n\n\n\n<p>Por \u00faltimo, Rodr\u00edguez insisti\u00f3 en la importancia de hacer la consulta m\u00e9dica de inmediato al hospital o centro de salud m\u00e1s cercano \u201cni bien se inician los s\u00edntomas, no automedicarse e hisoparse para confirmar o descartar la enfermedad\u201d.<\/p>\n","protected":false},"excerpt":{"rendered":"<p>Ante esa situaci\u00f3n, Formosa enfrenta la falta de dosis de refuerzos, en un contexto de<\/p>\n","protected":false},"author":8,"featured_media":70051,"comment_status":"closed","ping_status":"closed","sticky":false,"template":"","format":"standard","meta":{"footnotes":""},"categories":[1],"tags":[],"class_list":["post-70050","post","type-post","status-publish","format-standard","has-post-thumbnail","hentry","category-noticias"],"_links":{"self":[{"href":"https:\/\/24formosa.com.ar\/index.php?rest_route=\/wp\/v2\/posts\/70050","targetHints":{"allow":["GET"]}}],"collection":[{"href":"https:\/\/24formosa.com.ar\/index.php?rest_route=\/wp\/v2\/posts"}],"about":[{"href":"https:\/\/24formosa.com.ar\/index.php?rest_route=\/wp\/v2\/types\/post"}],"author":[{"embeddable":true,"href":"https:\/\/24formosa.com.ar\/index.php?rest_route=\/wp\/v2\/users\/8"}],"replies":[{"embeddable":true,"href":"https:\/\/24formosa.com.ar\/index.php?rest_route=%2Fwp%2Fv2%2Fcomments&post=70050"}],"version-history":[{"count":1,"href":"https:\/\/24formosa.com.ar\/index.php?rest_route=\/wp\/v2\/posts\/70050\/revisions"}],"predecessor-version":[{"id":70052,"href":"https:\/\/24formosa.com.ar\/index.php?rest_route=\/wp\/v2\/posts\/70050\/revisions\/70052"}],"wp:featuredmedia":[{"embeddable":true,"href":"https:\/\/24formosa.com.ar\/index.php?rest_route=\/wp\/v2\/media\/70051"}],"wp:attachment":[{"href":"https:\/\/24formosa.com.ar\/index.php?rest_route=%2Fwp%2Fv2%2Fmedia&parent=70050"}],"wp:term":[{"taxonomy":"category","embeddable":true,"href":"https:\/\/24formosa.com.ar\/index.php?rest_route=%2Fwp%2Fv2%2Fcategories&post=70050"},{"taxonomy":"post_tag","embeddable":true,"href":"https:\/\/24formosa.com.ar\/index.php?rest_route=%2Fwp%2Fv2%2Ftags&post=70050"}],"curies":[{"name":"wp","href":"https:\/\/api.w.org\/{rel}","templated":true}]}}