{"id":70037,"date":"2025-11-13T21:42:41","date_gmt":"2025-11-14T00:42:41","guid":{"rendered":"https:\/\/24formosa.com.ar\/?p=70037"},"modified":"2025-11-13T21:42:42","modified_gmt":"2025-11-14T00:42:42","slug":"inicio-la-ii-jornada-institucional-de-salud-mental-en-el-hac","status":"publish","type":"post","link":"https:\/\/24formosa.com.ar\/?p=70037","title":{"rendered":"Inici\u00f3 la II Jornada Institucional de Salud Mental en el HAC"},"content":{"rendered":"\n<p><em>Este jueves 13 de noviembre, desde las 8 horas, el Hospital de Alta Complejidad (HAC) \u201cPte. Juan Domingo Per\u00f3n\u201d, en su sal\u00f3n de conferencias, dio inicio a la II Jornada Institucional de Salud Mental que se extender\u00e1 hasta el pr\u00f3ximo viernes 14 y, este a\u00f1o, aborda la tem\u00e1tica \u201cEl suicidio y conductas de riesgo\u201d.<\/em><\/p>\n\n\n\n<p>La actividad est\u00e1 dirigida a todo el personal de salud, estudiantes y p\u00fablico en general; y propone diversos paneles con destacados profesionales del \u00e1rea, tanto locales como nacionales e internacionales.<\/p>\n\n\n\n<p>Al respecto, el referente del Servicio de Salud Mental del HAC, el licenciado Guillermo \u00c1vila, asever\u00f3 que los disertantes \u201cson profesionales muy informados espec\u00edficamente en el \u00e1rea\u201d y ejemplific\u00f3 con \u201cun psiquiatra que viene de Asunci\u00f3n, Paraguay; y equipos de Formosa que trabajan la tem\u00e1tica\u201d.<\/p>\n\n\n\n<p>Asimismo, explic\u00f3 que la jornada convoca a todo el personal de salud porque \u201cno s\u00f3lo salud mental trabaja la tem\u00e1tica\u201d sino que \u201ctodos los profesionales de las \u00e1reas de medicina que detecten algo, puedan contactar con salud mental para hacer una consulta al menos\u201d.<\/p>\n\n\n\n<p>\u201cSe va a hacer un abordaje, principalmente, en todo lo que tiene que ver con depresi\u00f3n y conductas de riesgo suicida de la parte neurol\u00f3gica, porque hay dos psiquiatras especialistas en esto; se va a trabajar tambi\u00e9n la prevenci\u00f3n del suicidio, una doctora en Psicolog\u00eda que nos visita de C\u00f3rdoba, y en Formosa van a estar del equipo de Salud Mental del Hospital Central, del Distrital N\u00b0 8 y de Clorinda tambi\u00e9n\u201d, indic\u00f3.<\/p>\n\n\n\n<p>Adem\u00e1s, se\u00f1al\u00f3 \u00c1vila, se presentar\u00e1 la L\u00ednea 0800 de Prevenci\u00f3n del Suicidio, inaugurada recientemente, a cargo de la Direcci\u00f3n de Salud Mental de la provincia.<\/p>\n\n\n\n<figure class=\"wp-block-image\"><a href=\"https:\/\/agenfor.com.ar\/wp-content\/uploads\/2025\/11\/jornada-salud-mental-con-marca-3.jpg\"><img decoding=\"async\" src=\"https:\/\/agenfor.com.ar\/wp-content\/uploads\/2025\/11\/jornada-salud-mental-con-marca-3.jpg\" alt=\"\" class=\"wp-image-250631\"\/><\/a><\/figure>\n\n\n\n<p>En cuanto a los motivos de un posible suicidio, el profesional aclar\u00f3 que \u201cno hay una sola causa\u201d porque \u201cno es que uno un d\u00eda se levanta y dice me quiero suicidar\u201d sino que \u201ctienen que confluir varios factores\u201d.<\/p>\n\n\n\n<p>\u201cEsto es multicausal, no es solamente una decisi\u00f3n que lleva a alguien a suicidarse, sino que son varias cosas que se van dando que uno no la est\u00e1 pudiendo manejar, que no la pueden asimilar, entonces generalmente se dice que no encontr\u00f3 una mejor soluci\u00f3n y toma esta decisi\u00f3n\u201d, sostuvo.<\/p>\n\n\n\n<p>Y a\u00f1adi\u00f3: \u201cS\u00ed hay muchas formas de poder evitar eso: acompa\u00f1amiento psicol\u00f3gico, psiqui\u00e1trico, el acompa\u00f1amiento familiar, pero siempre hay que tener en cuenta que no hay una sola causa que uno diga va a haber suicidio porque no tengo otra opci\u00f3n, entonces hay que estar alerta a todas estas se\u00f1ales\u201d.<\/p>\n\n\n\n<p>Sobre el final, \u00c1vila record\u00f3 que, en la I Jornada de Salud Mental, abordaron la tem\u00e1tica del duelo y expres\u00f3 que, en esa oportunidad, la actividad tambi\u00e9n fue gratificante porque \u201ctuvimos una amplia difusi\u00f3n y repercusi\u00f3n\u201d por lo que \u201cvimos que pod\u00edamos hacer esta segunda edici\u00f3n\u201d.<\/p>\n\n\n\n<p>\u201cY por supuesto, continuar y dejar este espacio como un objetivo a\u00f1o tras a\u00f1o, porque es mucho lo que podemos aportar entre todos a la comunidad, a los profesionales y sobre todo a las camadas nuevas que se est\u00e1n formando\u201d, consider\u00f3.<\/p>\n\n\n\n<p>Y cerr\u00f3: \u201cPorque, hasta hace un tiempo, de esto no se hablaba, entonces hoy por hoy el nuevo paradigma que se presenta es hablar, informar, concientizar, prevenir y evitar\u201d.<\/p>\n\n\n\n<p><strong>Programa<\/strong><\/p>\n\n\n\n<p>Este jueves, los encargados de las disertaciones fueron el doctor Agust\u00edn Barua Caffarena con \u201cLo suicida y lo comunitario\u201d y \u201cAntropolog\u00eda, salud mental comunitaria y desmanicomializaci\u00f3n\u201d; el licenciado Marcelo Kremis y la licenciada Andrea Kerr presentaron la L\u00ednea de Prevenci\u00f3n del Suicidio con experiencias y resultados; la licenciada Alejandra Rossi con \u201cLa entrevista con consultantes con ideaci\u00f3n suicida\u201d (parte 1); el doctor Emilio Hidalgo con \u201cRomper el silencio. Epistemolog\u00eda y magnitud del problema. Bases neurol\u00f3gicas\u201d; y finalmente, la Mesa intersectorial para la prevenci\u00f3n del suicidio de Clorinda, coordinado por Kremis.<\/p>\n\n\n\n<p>Para el viernes 14, el licenciado Gustavo G\u00f3mez y la licenciada Eugenia Ben\u00edtez abordar\u00e1n \u201cPatolog\u00edas del acto en la urgencia y sus posibles intervenciones\u201d; el equipo de Salud Mental del Hospital Central de Emergencia \u201cDr. Ram\u00f3n Carrillo\u201d presentar\u00e1 el servicio y protocolo de prevenci\u00f3n del suicidio y las estad\u00edsticas de atenciones e internaci\u00f3n (2025); la licenciada Alejandra Rossi con \u201cLa entrevista con consultantes con ideaci\u00f3n suicida\u201d (parte 2); el doctor Emilio Hidalgo con \u201cFactores de riesgo y se\u00f1ales de alertas. Evaluaci\u00f3n cl\u00ednica y manejo de la crisis. Autocuidado del profesional\u201d; y, para cerrar, se realizar\u00e1 una Mesa de preguntas con conclusiones de la jornada.<\/p>\n\n\n\n<figure class=\"wp-block-image\"><a href=\"https:\/\/agenfor.com.ar\/wp-content\/uploads\/2025\/11\/programa-salud-mental-2.jpeg\"><img decoding=\"async\" src=\"https:\/\/agenfor.com.ar\/wp-content\/uploads\/2025\/11\/programa-salud-mental-2-819x1024.jpeg\" alt=\"\" class=\"wp-image-250634\"\/><\/a><\/figure>\n","protected":false},"excerpt":{"rendered":"<p>Este jueves 13 de noviembre, desde las 8 horas, el Hospital de Alta Complejidad (HAC)<\/p>\n","protected":false},"author":8,"featured_media":70038,"comment_status":"closed","ping_status":"closed","sticky":false,"template":"","format":"standard","meta":{"footnotes":""},"categories":[1],"tags":[],"class_list":["post-70037","post","type-post","status-publish","format-standard","has-post-thumbnail","hentry","category-noticias"],"_links":{"self":[{"href":"https:\/\/24formosa.com.ar\/index.php?rest_route=\/wp\/v2\/posts\/70037","targetHints":{"allow":["GET"]}}],"collection":[{"href":"https:\/\/24formosa.com.ar\/index.php?rest_route=\/wp\/v2\/posts"}],"about":[{"href":"https:\/\/24formosa.com.ar\/index.php?rest_route=\/wp\/v2\/types\/post"}],"author":[{"embeddable":true,"href":"https:\/\/24formosa.com.ar\/index.php?rest_route=\/wp\/v2\/users\/8"}],"replies":[{"embeddable":true,"href":"https:\/\/24formosa.com.ar\/index.php?rest_route=%2Fwp%2Fv2%2Fcomments&post=70037"}],"version-history":[{"count":1,"href":"https:\/\/24formosa.com.ar\/index.php?rest_route=\/wp\/v2\/posts\/70037\/revisions"}],"predecessor-version":[{"id":70039,"href":"https:\/\/24formosa.com.ar\/index.php?rest_route=\/wp\/v2\/posts\/70037\/revisions\/70039"}],"wp:featuredmedia":[{"embeddable":true,"href":"https:\/\/24formosa.com.ar\/index.php?rest_route=\/wp\/v2\/media\/70038"}],"wp:attachment":[{"href":"https:\/\/24formosa.com.ar\/index.php?rest_route=%2Fwp%2Fv2%2Fmedia&parent=70037"}],"wp:term":[{"taxonomy":"category","embeddable":true,"href":"https:\/\/24formosa.com.ar\/index.php?rest_route=%2Fwp%2Fv2%2Fcategories&post=70037"},{"taxonomy":"post_tag","embeddable":true,"href":"https:\/\/24formosa.com.ar\/index.php?rest_route=%2Fwp%2Fv2%2Ftags&post=70037"}],"curies":[{"name":"wp","href":"https:\/\/api.w.org\/{rel}","templated":true}]}}