{"id":70031,"date":"2025-11-13T21:37:36","date_gmt":"2025-11-14T00:37:36","guid":{"rendered":"https:\/\/24formosa.com.ar\/?p=70031"},"modified":"2025-11-13T21:37:36","modified_gmt":"2025-11-14T00:37:36","slug":"se-realizo-el-muestreo-2025-de-folklore-y-educacion-fisica-de-la-upp-n-1","status":"publish","type":"post","link":"https:\/\/24formosa.com.ar\/?p=70031","title":{"rendered":"Se realiz\u00f3 el Muestreo 2025 de Folklore y Educaci\u00f3n F\u00edsica de la UPP N\u00b0 1"},"content":{"rendered":"\n<p>Desde las 15 horas, este jueves 13, en la Unidad Penitenciaria Provincial (UPP) N\u00b0 1, ubicada en la avenida Alicia Moreau de Justo N\u00b0 1520 del barrio San Antonio de la ciudad de Formosa, se desarroll\u00f3 el Muestreo 2025 de Folclore y Educaci\u00f3n F\u00edsica.<\/p>\n\n\n\n<p>Estuvo a cargo del N\u00facleo Educativo Permanente y Formaci\u00f3n Profesional (NEPyFP) N\u00b0 44, el cual funciona en esa instituci\u00f3n penitenciaria provincial N\u00b0 1 de la Polic\u00eda de Formosa. Por ese motivo, todas las personas que est\u00e1n alojadas all\u00ed integraron esta actividad.<\/p>\n\n\n\n<p>Se cont\u00f3 con la presencia del ministro de Cultura y Educaci\u00f3n de la provincia de Formosa, el ingeniero Julio Ar\u00e1oz, quien fue invitado especialmente por la UPP N\u00b0 1 a participar de esta muestra.<\/p>\n\n\n\n<p>En ese sentido, manifest\u00f3 el ministro en declaraciones a&nbsp;<strong><em>AGENFOR<\/em><\/strong>&nbsp;que,&nbsp; \u201cadem\u00e1s, nos hab\u00edamos comprometido a visitar la huerta donde hacen producci\u00f3n org\u00e1nica de vegetales\u201d, resaltando que \u201cnos llam\u00f3 mucho la atenci\u00f3n en la expo realizada la semana pasada en el predio ferial Vuelta Fermoza\u201d.<\/p>\n\n\n\n<figure class=\"wp-block-image\"><a href=\"https:\/\/agenfor.com.ar\/wp-content\/uploads\/2025\/11\/WhatsApp-Image-2025-11-13-at-5.02.14-PM.jpeg\"><img decoding=\"async\" src=\"https:\/\/agenfor.com.ar\/wp-content\/uploads\/2025\/11\/WhatsApp-Image-2025-11-13-at-5.02.14-PM-1024x461.jpeg\" alt=\"\" class=\"wp-image-250685\"\/><\/a><\/figure>\n\n\n\n<p>Por todo esto, desde la cartera educativa \u201casumimos el compromiso de visitarlos y aqu\u00ed estamos\u201d, subray\u00f3, al tiempo que indic\u00f3 que desde el Departamento de Educaci\u00f3n Permanente, a cargo de la profesora Marta N\u00fa\u00f1ez, se ocupan \u201cjustamente de la educaci\u00f3n en contextos de encierro, como en este caso.<\/p>\n\n\n\n<p>\u201cEllo a trav\u00e9s de un abordaje que es integral, tal como sucede en otros niveles y modalidades del sistema educativo provincial en el marco del Modelo Formose\u00f1o\u201d, acentu\u00f3 contundente.<\/p>\n\n\n\n<p>Ese \u201cabordaje integral\u201d a las personas que est\u00e1n en esta situaci\u00f3n contempla, a su vez, \u201cel acompa\u00f1amiento profesional\u201d, ya que \u201cl\u00f3gicamente deben ser acompa\u00f1adas\u201d, por tanto, distingui\u00f3 \u201cel alto compromiso y la profesionalidad de la labor educativa\u201d, evidenciado \u201cen el resultado de los trabajos\u201d.<\/p>\n\n\n\n<p>En el mismo sentido se expres\u00f3 la profesora N\u00fa\u00f1ez, quien, como responsable del Departamento de Educaci\u00f3n Permanente enfatiz\u00f3 en que educaci\u00f3n f\u00edsica y folclore son \u201c\u00e1reas muy importantes dentro del sistema educativo en contextos de encierro porque generan oportunidades de formaci\u00f3n integral de los estudiantes de una manera diferente\u201d.<\/p>\n\n\n\n<p>En la provincia de Formosa son seis las Unidades Penitenciarias, tres se encuentran en la ciudad capital (la N\u00b0 1, 2 y 6). Adem\u00e1s, en Las Lomitas, donde est\u00e1 la UP N\u00b0 3 y en Clorinda, las UP N\u00b0 4 y 5. ). \u201cEstas mismas actividades se realizan en todas estas dependencias\u201d, indic\u00f3.<\/p>\n\n\n\n<figure class=\"wp-block-image\"><a href=\"https:\/\/agenfor.com.ar\/wp-content\/uploads\/2025\/11\/WhatsApp-Image-2025-11-13-at-5.02.11-PM.jpeg\"><img decoding=\"async\" src=\"https:\/\/agenfor.com.ar\/wp-content\/uploads\/2025\/11\/WhatsApp-Image-2025-11-13-at-5.02.11-PM-1024x461.jpeg\" alt=\"\" class=\"wp-image-250687\"\/><\/a><\/figure>\n\n\n\n<p>Y ampli\u00f3: \u201cNosotros como sistema educativo ofrecemos terminalidad educativa primaria, secundaria y formaci\u00f3n profesional para las personas privadas de su libertad\u201d, en base a los lineamientos de que \u201cla educaci\u00f3n es el rostro de la justicia social\u201d.<\/p>\n\n\n\n<p>Robusteci\u00f3 que \u201cesta no es solamente una frase, sino que con estas acciones se demuestran c\u00f3mo el Gobierno provincial invierte en las personas sin importar el contexto que est\u00e9n atravesando, sino la importancia que tiene la formaci\u00f3n integral de ellas\u201d.<\/p>\n\n\n\n<p>Por todo ello, asegur\u00f3 que nuestro deber como \u00e1rea es, \u201cprimeramente, lograr una estima que los ayude a entender la importancia que tienen sus vidas, sus familias, para despu\u00e9s insertarlos nuevamente al sistema educativo, y cu\u00e1ndo logren la reinserci\u00f3n social, tengan herramientas para poder desenvolverse de manera aut\u00f3noma en la sociedad\u201d.<\/p>\n\n\n\n<p>Por \u00faltimo, el comisario Aldo Castillo, director de la UPP N\u00b0 1, se\u00f1al\u00f3 que de esta actividad de muestreo folcl\u00f3rico y de educaci\u00f3n f\u00edsica participaron \u201ctodos los que est\u00e1n alojados\u201d en esa dependencia, en el marco de este encuentro anual.<\/p>\n","protected":false},"excerpt":{"rendered":"<p>Desde las 15 horas, este jueves 13, en la Unidad Penitenciaria Provincial (UPP) N\u00b0 1,<\/p>\n","protected":false},"author":8,"featured_media":70032,"comment_status":"closed","ping_status":"closed","sticky":false,"template":"","format":"standard","meta":{"footnotes":""},"categories":[1],"tags":[],"class_list":["post-70031","post","type-post","status-publish","format-standard","has-post-thumbnail","hentry","category-noticias"],"_links":{"self":[{"href":"https:\/\/24formosa.com.ar\/index.php?rest_route=\/wp\/v2\/posts\/70031","targetHints":{"allow":["GET"]}}],"collection":[{"href":"https:\/\/24formosa.com.ar\/index.php?rest_route=\/wp\/v2\/posts"}],"about":[{"href":"https:\/\/24formosa.com.ar\/index.php?rest_route=\/wp\/v2\/types\/post"}],"author":[{"embeddable":true,"href":"https:\/\/24formosa.com.ar\/index.php?rest_route=\/wp\/v2\/users\/8"}],"replies":[{"embeddable":true,"href":"https:\/\/24formosa.com.ar\/index.php?rest_route=%2Fwp%2Fv2%2Fcomments&post=70031"}],"version-history":[{"count":1,"href":"https:\/\/24formosa.com.ar\/index.php?rest_route=\/wp\/v2\/posts\/70031\/revisions"}],"predecessor-version":[{"id":70033,"href":"https:\/\/24formosa.com.ar\/index.php?rest_route=\/wp\/v2\/posts\/70031\/revisions\/70033"}],"wp:featuredmedia":[{"embeddable":true,"href":"https:\/\/24formosa.com.ar\/index.php?rest_route=\/wp\/v2\/media\/70032"}],"wp:attachment":[{"href":"https:\/\/24formosa.com.ar\/index.php?rest_route=%2Fwp%2Fv2%2Fmedia&parent=70031"}],"wp:term":[{"taxonomy":"category","embeddable":true,"href":"https:\/\/24formosa.com.ar\/index.php?rest_route=%2Fwp%2Fv2%2Fcategories&post=70031"},{"taxonomy":"post_tag","embeddable":true,"href":"https:\/\/24formosa.com.ar\/index.php?rest_route=%2Fwp%2Fv2%2Ftags&post=70031"}],"curies":[{"name":"wp","href":"https:\/\/api.w.org\/{rel}","templated":true}]}}