{"id":70028,"date":"2025-11-13T21:35:18","date_gmt":"2025-11-14T00:35:18","guid":{"rendered":"https:\/\/24formosa.com.ar\/?p=70028"},"modified":"2025-11-13T21:35:20","modified_gmt":"2025-11-14T00:35:20","slug":"ii-jornada-de-investigacion-en-la-uplab-ciencia-compromiso-y-modelo-formoseno","status":"publish","type":"post","link":"https:\/\/24formosa.com.ar\/?p=70028","title":{"rendered":"II Jornada de Investigaci\u00f3n en la UPLaB: Ciencia, compromiso y Modelo Formose\u00f1o"},"content":{"rendered":"\n<p>El jueves 13 de noviembre se llev\u00f3 a cabo en la Universidad Provincial de Laguna Blanca (UPLaB) la II Jornada de Investigaci\u00f3n, con la participaci\u00f3n de m\u00e1s de 50 expositores que presentaron 25 trabajos vinculados a la producci\u00f3n agropecuaria, la sanidad animal y vegetal, el ambiente, la salud p\u00fablica y la educaci\u00f3n.<\/p>\n\n\n\n<p>Esta casa de altos estudios tiene su sede en la localidad de Laguna Blanca, ubicada en el Departamento Pilcomayo, distante a unos 140 kil\u00f3metros de la ciudad de Formosa, que imparte una ense\u00f1anza universitaria con acceso p\u00fablico y gratuito. &nbsp;<\/p>\n\n\n\n<p>Durante el encuentro se destac\u00f3 el compromiso del gobernador de Formosa, el doctor Gildo Insfr\u00e1n, con la educaci\u00f3n p\u00fablica, gratuita y de calidad. Se resalt\u00f3 que, en un contexto nacional adverso, la UPLaB \u2014financiada \u00edntegramente con fondos del tesoro provincial\u2014 cuenta con los recursos necesarios para su funcionamiento pleno.<\/p>\n\n\n\n<figure class=\"wp-block-image\"><a href=\"https:\/\/agenfor.com.ar\/wp-content\/uploads\/2025\/11\/WhatsApp-Image-2025-11-13-at-7.43.13-PM.jpeg\"><img decoding=\"async\" src=\"https:\/\/agenfor.com.ar\/wp-content\/uploads\/2025\/11\/WhatsApp-Image-2025-11-13-at-7.43.13-PM-1024x682.jpeg\" alt=\"\" class=\"wp-image-250700\"\/><\/a><\/figure>\n\n\n\n<p>La jornada concluy\u00f3 con la entrega de certificados a ponencias destacadas y la exposici\u00f3n de trabajos de extensi\u00f3n, en el marco de la alianza estrat\u00e9gica entre la producci\u00f3n, la educaci\u00f3n y el trabajo que impulsa el Modelo Formose\u00f1o.<\/p>\n","protected":false},"excerpt":{"rendered":"<p>El jueves 13 de noviembre se llev\u00f3 a cabo en la Universidad Provincial de Laguna<\/p>\n","protected":false},"author":8,"featured_media":70029,"comment_status":"closed","ping_status":"closed","sticky":false,"template":"","format":"standard","meta":{"footnotes":""},"categories":[1],"tags":[],"class_list":["post-70028","post","type-post","status-publish","format-standard","has-post-thumbnail","hentry","category-noticias"],"_links":{"self":[{"href":"https:\/\/24formosa.com.ar\/index.php?rest_route=\/wp\/v2\/posts\/70028","targetHints":{"allow":["GET"]}}],"collection":[{"href":"https:\/\/24formosa.com.ar\/index.php?rest_route=\/wp\/v2\/posts"}],"about":[{"href":"https:\/\/24formosa.com.ar\/index.php?rest_route=\/wp\/v2\/types\/post"}],"author":[{"embeddable":true,"href":"https:\/\/24formosa.com.ar\/index.php?rest_route=\/wp\/v2\/users\/8"}],"replies":[{"embeddable":true,"href":"https:\/\/24formosa.com.ar\/index.php?rest_route=%2Fwp%2Fv2%2Fcomments&post=70028"}],"version-history":[{"count":1,"href":"https:\/\/24formosa.com.ar\/index.php?rest_route=\/wp\/v2\/posts\/70028\/revisions"}],"predecessor-version":[{"id":70030,"href":"https:\/\/24formosa.com.ar\/index.php?rest_route=\/wp\/v2\/posts\/70028\/revisions\/70030"}],"wp:featuredmedia":[{"embeddable":true,"href":"https:\/\/24formosa.com.ar\/index.php?rest_route=\/wp\/v2\/media\/70029"}],"wp:attachment":[{"href":"https:\/\/24formosa.com.ar\/index.php?rest_route=%2Fwp%2Fv2%2Fmedia&parent=70028"}],"wp:term":[{"taxonomy":"category","embeddable":true,"href":"https:\/\/24formosa.com.ar\/index.php?rest_route=%2Fwp%2Fv2%2Fcategories&post=70028"},{"taxonomy":"post_tag","embeddable":true,"href":"https:\/\/24formosa.com.ar\/index.php?rest_route=%2Fwp%2Fv2%2Ftags&post=70028"}],"curies":[{"name":"wp","href":"https:\/\/api.w.org\/{rel}","templated":true}]}}