{"id":70024,"date":"2025-11-12T22:26:20","date_gmt":"2025-11-13T01:26:20","guid":{"rendered":"https:\/\/24formosa.com.ar\/?p=70024"},"modified":"2025-11-12T22:26:20","modified_gmt":"2025-11-13T01:26:20","slug":"los-talleres-de-artes-escenicas-tuvieron-su-gala-de-fin-de-ano-a-sala-llena","status":"publish","type":"post","link":"https:\/\/24formosa.com.ar\/?p=70024","title":{"rendered":"Los talleres de Artes Esc\u00e9nicas tuvieron su Gala de Fin de A\u00f1o a sala llena"},"content":{"rendered":"\n<p>Con una destacada afluencia de p\u00fablico, este mi\u00e9rcoles 12 en el Teatro de la Ciudad se realiz\u00f3 la Gala de Fin de A\u00f1o de Artes Esc\u00e9nicas, donde se present\u00f3 una parte de los talleres que se dictan desde el \u00e1mbito de la Subsecretar\u00eda de Cultura del Gobierno de Formosa.<\/p>\n\n\n\n<p>Comenz\u00f3 a las 20 horas el espect\u00e1culo que convoc\u00f3 a ocho talleres, quienes compartieron su trabajo, su energ\u00eda y su talento en una noche que uni\u00f3 danza, teatro y movimiento.<\/p>\n\n\n\n<p>Adem\u00e1s en este ciclo 2025, se sum\u00f3 por primera vez el taller de percusi\u00f3n, bombo y malambo.<\/p>\n\n\n\n<p>Con respecto a este evento, con entrada libre y gratuita, la directora de Acci\u00f3n Cultural y cargo de la Subsecretar\u00eda de Cultura, Graciela Marechal, brind\u00f3 declaraciones que recogi\u00f3 la&nbsp;<strong><em>Agencia de Noticias Formosa (AGENFOR)<\/em><\/strong>.<\/p>\n\n\n\n<p>Expres\u00f3 su emoci\u00f3n por este gran espect\u00e1culo, donde estuvieron presentes los participantes de Folklore para Adultos, Flamenco, Danzas Cl\u00e1sicas, tambi\u00e9n resalt\u00f3 que fue el debut en el escenario de quienes toman clases de bombo y zapateo en el Centro Comunitario de La Nueva Formosa.<\/p>\n\n\n\n<figure class=\"wp-block-image\"><a href=\"https:\/\/agenfor.com.ar\/wp-content\/uploads\/2025\/11\/WhatsApp-Image-2025-11-12-at-8.20.43-PM.jpeg\"><img decoding=\"async\" src=\"https:\/\/agenfor.com.ar\/wp-content\/uploads\/2025\/11\/WhatsApp-Image-2025-11-12-at-8.20.43-PM-1024x768.jpeg\" alt=\"\" class=\"wp-image-250619\"\/><\/a><\/figure>\n\n\n\n<p>Especialmente, se refiri\u00f3 a ello se\u00f1alando que tuvieron su debut en el escenario del Teatro de la Ciudad \u201clos ni\u00f1os que tocaron el bombo y zapatearon\u201d.<\/p>\n\n\n\n<p>Y tambi\u00e9n \u201cun grupo de mujeres ejecutaron todos instrumentos de percusi\u00f3n\u201d, a trav\u00e9s de esta propuesta exitosa. \u201cSon m\u00e1s de 30 talleres los que se dictan desde el \u00e1mbito de la Subsecretar\u00eda de Cultura del Gobierno de Formosa\u201d, indic\u00f3.<\/p>\n\n\n\n<p>Desde el \u00e1rea \u201clos ofrecemos de manera libre y gratuita\u201d, en virtud de \u201cun Estado presente\u201d, acentu\u00f3.<\/p>\n\n\n\n<p>Tambi\u00e9n sobre este tema hizo declaraciones el profesor Diego Brunelli, a cargo del taller de danza folkl\u00f3rica para adultos, cuyo grupo, en su presentaci\u00f3n, realiz\u00f3 un \u201cconjunto de danzas que pertenecen al repertorio folkl\u00f3rico tradicional\u201d.<\/p>\n\n\n\n<p>Para ello, asegur\u00f3 a esta Agencia que \u201ctrabajaron en estas \u00faltimas semanas intensamente, ensayando tres veces por semana, unas tres horas por d\u00eda\u201d, tratando de sacar \u201clo mejor de los bailarines\u201d, incluso hizo notar que \u201cmuchos de ellos aprendieron con este taller a bailar\u201d.<\/p>\n\n\n\n<figure class=\"wp-block-image\"><a href=\"https:\/\/agenfor.com.ar\/wp-content\/uploads\/2025\/11\/WhatsApp-Image-2025-11-12-at-8.07.19-PM.jpeg\"><img decoding=\"async\" src=\"https:\/\/agenfor.com.ar\/wp-content\/uploads\/2025\/11\/WhatsApp-Image-2025-11-12-at-8.07.19-PM-1024x768.jpeg\" alt=\"\" class=\"wp-image-250618\"\/><\/a><figcaption class=\"wp-element-caption\">Marechal<\/figcaption><\/figure>\n\n\n\n<p>Describi\u00f3, asimismo, que concurren a las clases personas de todas las edades, hasta coment\u00f3 que se sum\u00f3 un adolescente\u201d, pero \u201ctenemos hasta la edad de 80 a\u00f1os\u201d.<\/p>\n\n\n\n<p>Por ese motivo, reconoci\u00f3 que \u201ces un desaf\u00edo tambi\u00e9n ense\u00f1ar a tantas personas, ya que la matricula es de alrededor 80 alumnos\u201d, reiterando que por eso \u201ces un esfuerzo grande\u201d, sin embargo vali\u00f3 la pena, porque fue para \u00e9l \u201cuna gran satisfacci\u00f3n\u201d el espect\u00e1culo que dieron al p\u00fablico.<\/p>\n\n\n\n<p>Dentro de esta de Gala de Fin de A\u00f1o de Artes Esc\u00e9nicas estaban los talleres de Folklore para Adultos, Flamenco, Danza Cl\u00e1sica, Teatro, Percusi\u00f3n, Guitarra, Canto \u201cFormosa yo te canto\u201d y de Percusi\u00f3n, Bombo y Malambo.<\/p>\n","protected":false},"excerpt":{"rendered":"<p>Con una destacada afluencia de p\u00fablico, este mi\u00e9rcoles 12 en el Teatro de la Ciudad<\/p>\n","protected":false},"author":8,"featured_media":70025,"comment_status":"closed","ping_status":"closed","sticky":false,"template":"","format":"standard","meta":{"footnotes":""},"categories":[1],"tags":[],"class_list":["post-70024","post","type-post","status-publish","format-standard","has-post-thumbnail","hentry","category-noticias"],"_links":{"self":[{"href":"https:\/\/24formosa.com.ar\/index.php?rest_route=\/wp\/v2\/posts\/70024","targetHints":{"allow":["GET"]}}],"collection":[{"href":"https:\/\/24formosa.com.ar\/index.php?rest_route=\/wp\/v2\/posts"}],"about":[{"href":"https:\/\/24formosa.com.ar\/index.php?rest_route=\/wp\/v2\/types\/post"}],"author":[{"embeddable":true,"href":"https:\/\/24formosa.com.ar\/index.php?rest_route=\/wp\/v2\/users\/8"}],"replies":[{"embeddable":true,"href":"https:\/\/24formosa.com.ar\/index.php?rest_route=%2Fwp%2Fv2%2Fcomments&post=70024"}],"version-history":[{"count":1,"href":"https:\/\/24formosa.com.ar\/index.php?rest_route=\/wp\/v2\/posts\/70024\/revisions"}],"predecessor-version":[{"id":70026,"href":"https:\/\/24formosa.com.ar\/index.php?rest_route=\/wp\/v2\/posts\/70024\/revisions\/70026"}],"wp:featuredmedia":[{"embeddable":true,"href":"https:\/\/24formosa.com.ar\/index.php?rest_route=\/wp\/v2\/media\/70025"}],"wp:attachment":[{"href":"https:\/\/24formosa.com.ar\/index.php?rest_route=%2Fwp%2Fv2%2Fmedia&parent=70024"}],"wp:term":[{"taxonomy":"category","embeddable":true,"href":"https:\/\/24formosa.com.ar\/index.php?rest_route=%2Fwp%2Fv2%2Fcategories&post=70024"},{"taxonomy":"post_tag","embeddable":true,"href":"https:\/\/24formosa.com.ar\/index.php?rest_route=%2Fwp%2Fv2%2Ftags&post=70024"}],"curies":[{"name":"wp","href":"https:\/\/api.w.org\/{rel}","templated":true}]}}