{"id":70015,"date":"2025-11-12T22:17:32","date_gmt":"2025-11-13T01:17:32","guid":{"rendered":"https:\/\/24formosa.com.ar\/?p=70015"},"modified":"2025-11-12T22:17:33","modified_gmt":"2025-11-13T01:17:33","slug":"hac-entregaron-dos-modernos-dispositivos-auditivos-a-ninos-que-cambiaran-su-calidad-de-vida","status":"publish","type":"post","link":"https:\/\/24formosa.com.ar\/?p=70015","title":{"rendered":"HAC: Entregaron dos modernos dispositivos auditivos a ni\u00f1os que cambiar\u00e1n su calidad de vida"},"content":{"rendered":"\n<p><em>Lisandro y Rodrigo&nbsp;Anderson, de tres y cuatro a\u00f1os respectivamente, son dos peque\u00f1os pacientes que padecen una afecci\u00f3n otol\u00f3gica conocida como disgenesia, una malformaci\u00f3n de o\u00eddo externo y medio, poco frecuente que impide el desarrollo adecuado del pabell\u00f3n auricular y el conducto auditivo.<\/em><\/p>\n\n\n\n<p>Esta condici\u00f3n les provoca una hipoacusia (p\u00e9rdida auditiva) significativa, que afecta directamente su desarrollo, especialmente en esta etapa previa al ingreso escolar. Afortunadamente, su sordera puede ser tratada mediante el uso de \u201cdispositivos auditivos de conducci\u00f3n \u00f3sea\u201d.<\/p>\n\n\n\n<p>En el Hospital de Alta Complejidad (HAC) \u201cPte. Juan Domingo Per\u00f3n\u201d, bajo la gesti\u00f3n de la doctora Margarita Batista, y con la direcci\u00f3n m\u00e9dica de los doctores Miguel \u00c1ngel Freis y Arnaldo Esteban Giroldi, se vienen realizando cirug\u00edas otol\u00f3gicas de alta complejidad desde hace m\u00e1s de dos a\u00f1os.<\/p>\n\n\n\n<p>En este contexto, el equipo contin\u00faa creciendo e incorporando profesionales altamente capacitados, como la licenciada en Fonoaudiolog\u00eda y Audiolog\u00eda Silvia Mastroianni, con el objetivo de seguir mejorando la calidad de vida de los pacientes formose\u00f1os.<\/p>\n\n\n\n<p>En una emotiva jornada, el Servicio de Fonoaudiolog\u00eda, junto a sus integrantes las fonoaudi\u00f3logas Laura Fontana y Mar\u00eda Jos\u00e9 Ojeda, y el Servicio de Otorrinolaringolog\u00eda del nosocomio recibieron a Lisandro y Rodrigo, junto a sus madres, Alejandra y Jennifer. All\u00ed se realiz\u00f3 la entrega y colocaci\u00f3n de los dispositivos auditivos de conducci\u00f3n \u00f3sea marca MED-EL Adhear, un sistema no invasivo que se adhiere detr\u00e1s de la oreja.<\/p>\n\n\n\n<p>Este dispositivo genera vibraciones que se transmiten directamente al o\u00eddo interno (c\u00f3clea), permitiendo que los ni\u00f1os puedan escuchar.<\/p>\n\n\n\n<p>\u201cEsto representa un paso m\u00e1s en el proyecto que emprendimos hace dos a\u00f1os para cambiarle la vida a pacientes con esta dolencia\u201d, expresaron los nuevos profesionales egresados de la residencia en la especialidad, la doctora Mari\u00e1ngeles Antorena y el doctor Juan Francisco Pasutti.<\/p>\n\n\n\n<p>Ambos destacaron adem\u00e1s la importancia de la solidaridad en estos tiempos de crisis, donde cada gesto cuenta.<\/p>\n\n\n\n<p>Por su parte, la incorporaci\u00f3n de la licenciada Mastroianni al equipo representa un verdadero orgullo para el polo sanitario de Formosa, al sumar profesionales id\u00f3neos y con formaci\u00f3n espec\u00edfica en audiolog\u00eda y dispositivos implantables.<\/p>\n\n\n\n<p>Finalmente, el doctor Jorge S\u00e1nchez Negrette, responsable del equipo de Otorrinolaringolog\u00eda, agradeci\u00f3 profundamente la predisposici\u00f3n y el compromiso del doctor Daniel Orfila, el m\u00e9dico consultor otorrinolaring\u00f3logo especializado en otolog\u00eda y neuro-otolog\u00eda quir\u00fargica, quien aporta su vasta experiencia en m\u00faltiples frentes, siendo una pieza clave en este tipo de dolencias.<\/p>\n","protected":false},"excerpt":{"rendered":"<p>Lisandro y Rodrigo&nbsp;Anderson, de tres y cuatro a\u00f1os respectivamente, son dos peque\u00f1os pacientes que padecen<\/p>\n","protected":false},"author":8,"featured_media":70016,"comment_status":"closed","ping_status":"closed","sticky":false,"template":"","format":"standard","meta":{"footnotes":""},"categories":[1],"tags":[],"class_list":["post-70015","post","type-post","status-publish","format-standard","has-post-thumbnail","hentry","category-noticias"],"_links":{"self":[{"href":"https:\/\/24formosa.com.ar\/index.php?rest_route=\/wp\/v2\/posts\/70015","targetHints":{"allow":["GET"]}}],"collection":[{"href":"https:\/\/24formosa.com.ar\/index.php?rest_route=\/wp\/v2\/posts"}],"about":[{"href":"https:\/\/24formosa.com.ar\/index.php?rest_route=\/wp\/v2\/types\/post"}],"author":[{"embeddable":true,"href":"https:\/\/24formosa.com.ar\/index.php?rest_route=\/wp\/v2\/users\/8"}],"replies":[{"embeddable":true,"href":"https:\/\/24formosa.com.ar\/index.php?rest_route=%2Fwp%2Fv2%2Fcomments&post=70015"}],"version-history":[{"count":1,"href":"https:\/\/24formosa.com.ar\/index.php?rest_route=\/wp\/v2\/posts\/70015\/revisions"}],"predecessor-version":[{"id":70017,"href":"https:\/\/24formosa.com.ar\/index.php?rest_route=\/wp\/v2\/posts\/70015\/revisions\/70017"}],"wp:featuredmedia":[{"embeddable":true,"href":"https:\/\/24formosa.com.ar\/index.php?rest_route=\/wp\/v2\/media\/70016"}],"wp:attachment":[{"href":"https:\/\/24formosa.com.ar\/index.php?rest_route=%2Fwp%2Fv2%2Fmedia&parent=70015"}],"wp:term":[{"taxonomy":"category","embeddable":true,"href":"https:\/\/24formosa.com.ar\/index.php?rest_route=%2Fwp%2Fv2%2Fcategories&post=70015"},{"taxonomy":"post_tag","embeddable":true,"href":"https:\/\/24formosa.com.ar\/index.php?rest_route=%2Fwp%2Fv2%2Ftags&post=70015"}],"curies":[{"name":"wp","href":"https:\/\/api.w.org\/{rel}","templated":true}]}}