{"id":70000,"date":"2025-11-11T22:24:52","date_gmt":"2025-11-12T01:24:52","guid":{"rendered":"https:\/\/24formosa.com.ar\/?p=70000"},"modified":"2025-11-11T22:24:52","modified_gmt":"2025-11-12T01:24:52","slug":"pirane-ultima-detalles-para-vivir-el-60-festival-provincial-del-folklore","status":"publish","type":"post","link":"https:\/\/24formosa.com.ar\/?p=70000","title":{"rendered":"Piran\u00e9 ultima detalles para vivir el 60\u00b0 Festival Provincial del Folklore"},"content":{"rendered":"\n<p><em>Desde el pr\u00f3ximo jueves 20 de noviembre, la localidad de Piran\u00e9 vivir\u00eda cuatro noches a pleno folclore en el marco, por un lado, del pre Cosqu\u00edn y, por el otro, de una nueva edici\u00f3n del Festival Provincial del Folklore.<\/em><\/p>\n\n\n\n<p>Al respecto, la intendenta de Piran\u00e9, Y\u00e9ssica Palacios, valor\u00f3 que su localidad sea \u201cla sede m\u00e1s antigua del pre Cosqu\u00edn\u201d y expres\u00f3 que \u201cnos sentimos orgullosos de los valores que han pasado por ese festival\u201d, sobre todo, \u201clos piranenses que han consolidado su cultura y su amor por \u00e9l\u201d.<\/p>\n\n\n\n<p>\u201cY tener la responsabilidad de fortalecerlo con lo dif\u00edcil que es hoy, defender la cultura, cuando tenemos un Gobierno nacional que no acompa\u00f1a, que todo lo contrario, nosotros ac\u00e1 en Formosa tenemos todav\u00eda la fortaleza de la importancia de la decisi\u00f3n pol\u00edtica de nuestro gobernador Gildo Insfr\u00e1n, de fortalecer lo nuestro, porque la verdad que nuestras ra\u00edces nos dicen lo que somos, las bases, pero hacia d\u00f3nde vamos, que es lo m\u00e1s importante\u201d, sostuvo.<\/p>\n\n\n\n<figure class=\"wp-block-image\"><a href=\"https:\/\/agenfor.com.ar\/wp-content\/uploads\/2025\/11\/festival-provincial-de-folclore_archivo-4.jpg\"><img decoding=\"async\" src=\"https:\/\/agenfor.com.ar\/wp-content\/uploads\/2025\/11\/festival-provincial-de-folclore_archivo-4.jpg\" alt=\"\" class=\"wp-image-250329\"\/><\/a><\/figure>\n\n\n\n<p>En ese sentido, Palacios agradeci\u00f3 a \u201ctoda la gente que en forma desinteresada nos est\u00e1 ayudando con el festival\u201d y nombr\u00f3 al \u201cequipo de la municipalidad, a la comisi\u00f3n que es la que organiza el festival y a gente de afuera que pone su granito de arena para que esto se pueda fortalecer a\u00f1o a a\u00f1o\u201d.<\/p>\n\n\n\n<p>De esta manera, detall\u00f3 que el jueves 20 y el viernes 21 se desarrollar\u00e1 el pre Cosqu\u00edn y el s\u00e1bado 22 y el domingo 23, el Festival de Piran\u00e9, respectivamente, fechas que coinciden con el aniversario de la localidad.<\/p>\n\n\n\n<p>\u201cTenemos la serenata de nuestros m\u00fasicos piranenses, con nuestros bailarines, con las pe\u00f1as, ahora estamos sumando tambi\u00e9n las escuelas\u201d, indic\u00f3.<\/p>\n\n\n\n<p>Y anticip\u00f3: \u201cEstamos trabajando solamente con algunos puntos ya finales de lo que sean los artistas piranenses, que por ah\u00ed no est\u00e1n, estamos buscando que puedan acompa\u00f1ar, tambi\u00e9n estamos cerrando un poco lo que sean las pe\u00f1as\u201d.<\/p>\n\n\n\n<p>Tambi\u00e9n est\u00e1 constituido el equipo de programaci\u00f3n que trabaja articuladamente con la comisi\u00f3n organizadora quienes \u201cya est\u00e1n ultimando detalles\u201d.<\/p>\n\n\n\n<p>Por \u00faltimo, la jefa comunal pidi\u00f3 a la comunidad \u201cque nos acompa\u00f1e\u201d porque \u201ctenemos que defender nuestras ra\u00edces, nuestro festival\u201d y consider\u00f3 que \u201csiempre que llovi\u00f3, par\u00f3, en alg\u00fan momento esto se va a terminar y nosotros como Gobierno a nivel nacional vamos a poder fortalecer la cultura\u201d.<\/p>\n\n\n\n<p>\u201cEn estos tiempos nos vamos a abrazar, como dijo el Gobernador, vamos a ir despacito, lento, pero vamos a salir adelante\u201d, cerr\u00f3.<\/p>\n\n\n\n<p>Los artistas confirmados para el Festival son Cara Fea, \u00c1ngelo Aranda, Las 4 Cuerdas, Irundy, Los Aranditas, Rodrigo Vera, Piko Frank, Lucianito y su Fuerza Chamamecera, Alma Chaque\u00f1a, Lunna, entre otros.<\/p>\n","protected":false},"excerpt":{"rendered":"<p>Desde el pr\u00f3ximo jueves 20 de noviembre, la localidad de Piran\u00e9 vivir\u00eda cuatro noches a<\/p>\n","protected":false},"author":8,"featured_media":70001,"comment_status":"closed","ping_status":"closed","sticky":false,"template":"","format":"standard","meta":{"footnotes":""},"categories":[1],"tags":[],"class_list":["post-70000","post","type-post","status-publish","format-standard","has-post-thumbnail","hentry","category-noticias"],"_links":{"self":[{"href":"https:\/\/24formosa.com.ar\/index.php?rest_route=\/wp\/v2\/posts\/70000","targetHints":{"allow":["GET"]}}],"collection":[{"href":"https:\/\/24formosa.com.ar\/index.php?rest_route=\/wp\/v2\/posts"}],"about":[{"href":"https:\/\/24formosa.com.ar\/index.php?rest_route=\/wp\/v2\/types\/post"}],"author":[{"embeddable":true,"href":"https:\/\/24formosa.com.ar\/index.php?rest_route=\/wp\/v2\/users\/8"}],"replies":[{"embeddable":true,"href":"https:\/\/24formosa.com.ar\/index.php?rest_route=%2Fwp%2Fv2%2Fcomments&post=70000"}],"version-history":[{"count":1,"href":"https:\/\/24formosa.com.ar\/index.php?rest_route=\/wp\/v2\/posts\/70000\/revisions"}],"predecessor-version":[{"id":70002,"href":"https:\/\/24formosa.com.ar\/index.php?rest_route=\/wp\/v2\/posts\/70000\/revisions\/70002"}],"wp:featuredmedia":[{"embeddable":true,"href":"https:\/\/24formosa.com.ar\/index.php?rest_route=\/wp\/v2\/media\/70001"}],"wp:attachment":[{"href":"https:\/\/24formosa.com.ar\/index.php?rest_route=%2Fwp%2Fv2%2Fmedia&parent=70000"}],"wp:term":[{"taxonomy":"category","embeddable":true,"href":"https:\/\/24formosa.com.ar\/index.php?rest_route=%2Fwp%2Fv2%2Fcategories&post=70000"},{"taxonomy":"post_tag","embeddable":true,"href":"https:\/\/24formosa.com.ar\/index.php?rest_route=%2Fwp%2Fv2%2Ftags&post=70000"}],"curies":[{"name":"wp","href":"https:\/\/api.w.org\/{rel}","templated":true}]}}