{"id":69991,"date":"2025-11-11T22:18:33","date_gmt":"2025-11-12T01:18:33","guid":{"rendered":"https:\/\/24formosa.com.ar\/?p=69991"},"modified":"2025-11-11T22:18:34","modified_gmt":"2025-11-12T01:18:34","slug":"los-centros-de-distribucion-del-plan-nutrir-no-atenderan-los-feriados-del-21-y-24-de-noviembre","status":"publish","type":"post","link":"https:\/\/24formosa.com.ar\/?p=69991","title":{"rendered":"Los centros de distribuci\u00f3n del Plan Nutrir no atender\u00e1n los feriados del 21 y 24 de noviembre"},"content":{"rendered":"\n<p>Anah\u00ed Santander, coordinadora ejecutiva del Plan Provincial Alimentario Nutrir, destac\u00f3 esta pol\u00edtica p\u00fablica del Gobierno de Formosa, a trav\u00e9s de la cual se garantiza el acceso a los alimentos a las personas en situaci\u00f3n de vulnerabilidad mediante la entrega de bolsones con productos cultivados en las chacras de los peque\u00f1os productores paipperos.<\/p>\n\n\n\n<p>Tambi\u00e9n inform\u00f3 a la&nbsp;<strong><em>Agencia de Noticias Formosa (AGENFOR)<\/em><\/strong>&nbsp;que \u201cestamos en la segunda semana de la entrega del mes de noviembre de los bolsones, los cuales de acuerdo a la \u00e9poca, se componen de variados alimentos\u201d.<\/p>\n\n\n\n<p>En tanto que \u201cla novedad es que, como tendremos los feriados del 21 y 24\u201d, confirm\u00f3 que \u201cesos d\u00edas los centros de distribuci\u00f3n de la ciudad capital permanecer\u00e1n cerrados\u201d.<\/p>\n\n\n\n<figure class=\"wp-block-image\"><a href=\"https:\/\/agenfor.com.ar\/wp-content\/uploads\/2025\/11\/WhatsApp-Image-2025-11-11-at-9.01.55-PM.jpeg\"><img decoding=\"async\" src=\"https:\/\/agenfor.com.ar\/wp-content\/uploads\/2025\/11\/WhatsApp-Image-2025-11-11-at-9.01.55-PM-1024x768.jpeg\" alt=\"\" class=\"wp-image-250522\"\/><\/a><figcaption class=\"wp-element-caption\">Santander<\/figcaption><\/figure>\n\n\n\n<p>Y record\u00f3, a su vez, que las entregas son siempre de lunes a viernes en dos turnos, por la ma\u00f1ana de 7 a 12 y por la tarde, de 15 a 19 horas.<\/p>\n\n\n\n<p>Asimismo, puntualiz\u00f3 que \u201clos beneficiarios tienen su tarjeta magn\u00e9tica donde constan sus datos personales, fij\u00e1ndose la semana, el d\u00eda y el centro al que tiene que concurrir para retirar el bols\u00f3n alimentario\u201d.<\/p>\n\n\n\n<p>Por otro lado, hizo notar que \u201chay un equipo de nutrici\u00f3n\u201d dentro del Plan Nutrir, desde donde se hace hincapi\u00e9 \u201cen c\u00f3mo preparar los alimentos\u201d.<\/p>\n\n\n\n<p>Ante cualquier consulta, deben acercarse a los Espacios de Encuentro de la Comunidad Organizada (ECO) y all\u00ed se les brindar\u00e1 toda la informaci\u00f3n con respecto a este programa del Gobierno de Formosa, se\u00f1al\u00f3 por \u00faltimo.<\/p>\n","protected":false},"excerpt":{"rendered":"<p>Anah\u00ed Santander, coordinadora ejecutiva del Plan Provincial Alimentario Nutrir, destac\u00f3 esta pol\u00edtica p\u00fablica del Gobierno<\/p>\n","protected":false},"author":8,"featured_media":69992,"comment_status":"closed","ping_status":"closed","sticky":false,"template":"","format":"standard","meta":{"footnotes":""},"categories":[1],"tags":[],"class_list":["post-69991","post","type-post","status-publish","format-standard","has-post-thumbnail","hentry","category-noticias"],"_links":{"self":[{"href":"https:\/\/24formosa.com.ar\/index.php?rest_route=\/wp\/v2\/posts\/69991","targetHints":{"allow":["GET"]}}],"collection":[{"href":"https:\/\/24formosa.com.ar\/index.php?rest_route=\/wp\/v2\/posts"}],"about":[{"href":"https:\/\/24formosa.com.ar\/index.php?rest_route=\/wp\/v2\/types\/post"}],"author":[{"embeddable":true,"href":"https:\/\/24formosa.com.ar\/index.php?rest_route=\/wp\/v2\/users\/8"}],"replies":[{"embeddable":true,"href":"https:\/\/24formosa.com.ar\/index.php?rest_route=%2Fwp%2Fv2%2Fcomments&post=69991"}],"version-history":[{"count":1,"href":"https:\/\/24formosa.com.ar\/index.php?rest_route=\/wp\/v2\/posts\/69991\/revisions"}],"predecessor-version":[{"id":69993,"href":"https:\/\/24formosa.com.ar\/index.php?rest_route=\/wp\/v2\/posts\/69991\/revisions\/69993"}],"wp:featuredmedia":[{"embeddable":true,"href":"https:\/\/24formosa.com.ar\/index.php?rest_route=\/wp\/v2\/media\/69992"}],"wp:attachment":[{"href":"https:\/\/24formosa.com.ar\/index.php?rest_route=%2Fwp%2Fv2%2Fmedia&parent=69991"}],"wp:term":[{"taxonomy":"category","embeddable":true,"href":"https:\/\/24formosa.com.ar\/index.php?rest_route=%2Fwp%2Fv2%2Fcategories&post=69991"},{"taxonomy":"post_tag","embeddable":true,"href":"https:\/\/24formosa.com.ar\/index.php?rest_route=%2Fwp%2Fv2%2Ftags&post=69991"}],"curies":[{"name":"wp","href":"https:\/\/api.w.org\/{rel}","templated":true}]}}