{"id":69968,"date":"2025-11-10T21:27:27","date_gmt":"2025-11-11T00:27:27","guid":{"rendered":"https:\/\/24formosa.com.ar\/?p=69968"},"modified":"2025-11-10T21:27:28","modified_gmt":"2025-11-11T00:27:28","slug":"educacion-celebro-el-dia-de-la-tradicion-en-la-epes-95","status":"publish","type":"post","link":"https:\/\/24formosa.com.ar\/?p=69968","title":{"rendered":"Educaci\u00f3n celebr\u00f3 el D\u00eda de la Tradici\u00f3n en la EPES 95"},"content":{"rendered":"\n<p><em>Con acto formal y muestreo, en ambos turnos, la comunidad educativa de la EPES N\u00b0 95 celebr\u00f3 el D\u00eda de la Tradici\u00f3n con la presencia del ministro de Cultura y Educaci\u00f3n, Julio Ar\u00e1oz, y dem\u00e1s funcionarios de la cartera.<\/em><\/p>\n\n\n\n<p>En ese marco, Ar\u00e1oz convers\u00f3 con&nbsp;<strong>AGENFOR<\/strong>&nbsp;y conmemor\u00f3 un aniversario m\u00e1s del nacimiento de Jos\u00e9 Hern\u00e1ndez al recordar que lleg\u00f3 al mundo un 10 de noviembre de 1837 en la Provincia de Buenos Aires.<\/p>\n\n\n\n<p>\u201cEn las escuelas, en los colegios, nos ense\u00f1aron incluso versos de sus obras, del Mart\u00edn Fierro y la Vuelta al Mart\u00edn Fierro. Y por eso el Congreso de la Naci\u00f3n oportunamente hace ya muchos a\u00f1os dict\u00f3 una ley por la cual se celebra este D\u00eda de la Tradici\u00f3n\u201d, rememor\u00f3.<\/p>\n\n\n\n<figure class=\"wp-block-image\"><a href=\"https:\/\/agenfor.com.ar\/wp-content\/uploads\/2025\/11\/acto-dia-de-la-tradicion-1.jpg\"><img decoding=\"async\" src=\"https:\/\/agenfor.com.ar\/wp-content\/uploads\/2025\/11\/acto-dia-de-la-tradicion-1-1024x682.jpg\" alt=\"\" class=\"wp-image-250309\"\/><\/a><\/figure>\n\n\n\n<p>Y a\u00f1adi\u00f3: \u201cNo s\u00f3lo tiene que ver con poner en valor todo nuestro acervo cultural y en particular aqu\u00ed en Formosa, rescatan objetos que tienen que ver con nuestra historia, pero fundamentalmente con la vida de campo, que llevamos todos los argentinos, nuestros abuelos en el interior profundo. Entonces es muy valioso esto\u201d.<\/p>\n\n\n\n<p>Asimismo, el funcionario rescat\u00f3 el \u201crasgo de pol\u00edtico legislador\u201d que tuvo Jos\u00e9 Hern\u00e1ndez pero, fundamentalmente, \u201cde luchador por el federalismo, inclaudicable, contra el centralismo porte\u00f1o, que eso durante la \u00faltima etapa, buena parte de su vida, le cost\u00f3 el exilio en Brasil\u201d.<\/p>\n\n\n\n<figure class=\"wp-block-image\"><a href=\"https:\/\/agenfor.com.ar\/wp-content\/uploads\/2025\/11\/acto-dia-de-la-tradicion-4.jpg\"><img decoding=\"async\" src=\"https:\/\/agenfor.com.ar\/wp-content\/uploads\/2025\/11\/acto-dia-de-la-tradicion-4-1024x682.jpg\" alt=\"\" class=\"wp-image-250302\"\/><\/a><\/figure>\n\n\n\n<p>\u201cEntonces es importante en este momento, en el contexto en el que vivimos, en el cual lamentablemente esa lucha se intensifica, considerando el profundo esp\u00edritu federal que tenemos en Formosa y los formose\u00f1os\u201d, consider\u00f3.<\/p>\n\n\n\n<p>En ese sentido, Ar\u00e1oz analiz\u00f3 en que \u201chay un mecanismo de desvalorizaci\u00f3n de la cultura nacional, tratando de imponernos otras que no son nuestras\u201d como, por ejemplo, la celebraci\u00f3n de Halloween y sostuvo que \u201cesto tiene que ver en nombre de la globalizaci\u00f3n, con la fuerte penetraci\u00f3n cultural\u201d.<\/p>\n\n\n\n<p>\u201cUno puede entender ciertos aspectos de la globalizaci\u00f3n, podemos integrarnos, vincularnos al mundo, pero sosteniendo firmemente nuestra identidad, manteni\u00e9ndola y que sea respetada. En ocasiones hay sectores que trabajan para que esto no suceda, por eso estos son los momentos en los cuales uno, de vuelta, reafirma su compromiso con la Patria, no queremos ser colonia y queremos que aqu\u00ed flameen la bandera argentina y no otras\u201d, concluy\u00f3.<\/p>\n\n\n\n<figure class=\"wp-block-image\"><a href=\"https:\/\/agenfor.com.ar\/wp-content\/uploads\/2025\/11\/acto-dia-de-la-tradicion-3.jpg\"><img decoding=\"async\" src=\"https:\/\/agenfor.com.ar\/wp-content\/uploads\/2025\/11\/acto-dia-de-la-tradicion-3-1024x682.jpg\" alt=\"\" class=\"wp-image-250301\"\/><\/a><\/figure>\n","protected":false},"excerpt":{"rendered":"<p>Con acto formal y muestreo, en ambos turnos, la comunidad educativa de la EPES N\u00b0<\/p>\n","protected":false},"author":8,"featured_media":69969,"comment_status":"closed","ping_status":"closed","sticky":false,"template":"","format":"standard","meta":{"footnotes":""},"categories":[1],"tags":[],"class_list":["post-69968","post","type-post","status-publish","format-standard","has-post-thumbnail","hentry","category-noticias"],"_links":{"self":[{"href":"https:\/\/24formosa.com.ar\/index.php?rest_route=\/wp\/v2\/posts\/69968","targetHints":{"allow":["GET"]}}],"collection":[{"href":"https:\/\/24formosa.com.ar\/index.php?rest_route=\/wp\/v2\/posts"}],"about":[{"href":"https:\/\/24formosa.com.ar\/index.php?rest_route=\/wp\/v2\/types\/post"}],"author":[{"embeddable":true,"href":"https:\/\/24formosa.com.ar\/index.php?rest_route=\/wp\/v2\/users\/8"}],"replies":[{"embeddable":true,"href":"https:\/\/24formosa.com.ar\/index.php?rest_route=%2Fwp%2Fv2%2Fcomments&post=69968"}],"version-history":[{"count":1,"href":"https:\/\/24formosa.com.ar\/index.php?rest_route=\/wp\/v2\/posts\/69968\/revisions"}],"predecessor-version":[{"id":69970,"href":"https:\/\/24formosa.com.ar\/index.php?rest_route=\/wp\/v2\/posts\/69968\/revisions\/69970"}],"wp:featuredmedia":[{"embeddable":true,"href":"https:\/\/24formosa.com.ar\/index.php?rest_route=\/wp\/v2\/media\/69969"}],"wp:attachment":[{"href":"https:\/\/24formosa.com.ar\/index.php?rest_route=%2Fwp%2Fv2%2Fmedia&parent=69968"}],"wp:term":[{"taxonomy":"category","embeddable":true,"href":"https:\/\/24formosa.com.ar\/index.php?rest_route=%2Fwp%2Fv2%2Fcategories&post=69968"},{"taxonomy":"post_tag","embeddable":true,"href":"https:\/\/24formosa.com.ar\/index.php?rest_route=%2Fwp%2Fv2%2Ftags&post=69968"}],"curies":[{"name":"wp","href":"https:\/\/api.w.org\/{rel}","templated":true}]}}