{"id":69965,"date":"2025-11-10T21:25:27","date_gmt":"2025-11-11T00:25:27","guid":{"rendered":"https:\/\/24formosa.com.ar\/?p=69965"},"modified":"2025-11-10T21:25:28","modified_gmt":"2025-11-11T00:25:28","slug":"se-realizo-la-4-expo-policial-y-el-2-encuentro-de-bandas-de-musica","status":"publish","type":"post","link":"https:\/\/24formosa.com.ar\/?p=69965","title":{"rendered":"Se realiz\u00f3 la 4\u00b0 Expo Policial y el 2\u00b0 Encuentro de Bandas de M\u00fasica"},"content":{"rendered":"\n<p><em>Este domingo 9 de noviembre, en el marco de las actividades por su 65\u00b0 aniversario, la Polic\u00eda de la provincia de Formosa llev\u00f3 a cabo la Expo Policial y el 2\u00b0 Encuentro de Bandas de M\u00fasica, en el Estadio Cincuentenario, desde las 15 horas, con entrada libre y gratuita.<\/em><\/p>\n\n\n\n<p>El evento tuvo un marco imponente de concurrentes y cont\u00f3, adem\u00e1s, con la participaci\u00f3n de diversos organismos estatales como el Ministerio de la Comunidad, el de Turismo, entre otros.<\/p>\n\n\n\n<p>Al respecto, el comisario inspector Manuel Oviedo, convers\u00f3 con&nbsp;<strong>AGENFOR<\/strong>&nbsp;y explic\u00f3 que, en esta exposici\u00f3n, todas las \u00e1reas de la fuerza muestran las diferentes actividades que realizan y, tambi\u00e9n, fue el encuentro regional de bandas de m\u00fasica de la polic\u00eda de todo el pa\u00eds.<\/p>\n\n\n\n<p>En esta oportunidad, participaron las fuerzas de Salta, Chaco, el Regimiento de Infanter\u00eda Monte N\u00b0 29, la Municipalidad de Formosa y, aclar\u00f3 el comisario inspector que fueron invitadas tambi\u00e9n las provincias de Misiones, Corrientes, Santa Fe, Santiago del Estero y C\u00f3rdoba, pero \u201cno pudieron estar por una cuesti\u00f3n de agenda\u201d.<\/p>\n\n\n\n<figure class=\"wp-block-image\"><a href=\"https:\/\/agenfor.com.ar\/wp-content\/uploads\/2025\/11\/expo-policial-8.jpeg\"><img decoding=\"async\" src=\"https:\/\/agenfor.com.ar\/wp-content\/uploads\/2025\/11\/expo-policial-8-1024x768.jpeg\" alt=\"\" class=\"wp-image-250295\"\/><\/a><\/figure>\n\n\n\n<p>Asimismo, se\u00f1al\u00f3, se hizo entrega de certificados de reconocimiento a cada uno de los directores de las bandas de m\u00fasica por \u201chaber participado en este segundo encuentro regional\u201d.<\/p>\n\n\n\n<p>En lo que respecta a la expo, Oviedo indic\u00f3 que se pudo ver el trabajo de Direcci\u00f3n General de Administraci\u00f3n de Drogas Peligrosas, Polic\u00eda Comunitaria, Direcci\u00f3n General de G\u00e9nero, Violencia Intrafamiliar, \u201ctambi\u00e9n tenemos de los diferentes grupos t\u00e1cticos, el Museo Policial, o sea, son 25 \u00e1reas de la Polic\u00eda de la provincia, que expusieron lo que realizan y la actividad que tienen\u201d.<\/p>\n\n\n\n<p>En ese sentido, agradeci\u00f3 el acompa\u00f1amiento de la familia policial pero tambi\u00e9n del p\u00fablico en general que concurri\u00f3 al evento y disfrut\u00f3 de una tarde diferente.<\/p>\n\n\n\n<figure class=\"wp-block-image\"><a href=\"https:\/\/agenfor.com.ar\/wp-content\/uploads\/2025\/11\/expo-policial-5.jpeg\"><img decoding=\"async\" src=\"https:\/\/agenfor.com.ar\/wp-content\/uploads\/2025\/11\/expo-policial-5-1024x768.jpeg\" alt=\"\" class=\"wp-image-250292\"\/><\/a><\/figure>\n\n\n\n<p>Por \u00faltimo, Oviedo confirm\u00f3 que est\u00e1n ultimando detalles para lo que ser\u00e1 el acto central por el 65\u00b0 aniversario de la Polic\u00eda de Formosa y dijo que est\u00e1 previsto un desfile c\u00edvico militar para ese lunes 17 de noviembre, por la ma\u00f1ana, en la plaza San Mart\u00edn de la ciudad capital.<\/p>\n\n\n\n<p>\u201cHemos realizado ya las invitaciones a otras polic\u00edas para que nos acompa\u00f1en y tambi\u00e9n todas las autoridades ac\u00e1 de la provincia de Formosa, as\u00ed que esperemos una linda fiesta en este nuevo aniversario de la Polic\u00eda\u201d, cerr\u00f3.<\/p>\n","protected":false},"excerpt":{"rendered":"<p>Este domingo 9 de noviembre, en el marco de las actividades por su 65\u00b0 aniversario,<\/p>\n","protected":false},"author":8,"featured_media":69966,"comment_status":"closed","ping_status":"closed","sticky":false,"template":"","format":"standard","meta":{"footnotes":""},"categories":[1],"tags":[],"class_list":["post-69965","post","type-post","status-publish","format-standard","has-post-thumbnail","hentry","category-noticias"],"_links":{"self":[{"href":"https:\/\/24formosa.com.ar\/index.php?rest_route=\/wp\/v2\/posts\/69965","targetHints":{"allow":["GET"]}}],"collection":[{"href":"https:\/\/24formosa.com.ar\/index.php?rest_route=\/wp\/v2\/posts"}],"about":[{"href":"https:\/\/24formosa.com.ar\/index.php?rest_route=\/wp\/v2\/types\/post"}],"author":[{"embeddable":true,"href":"https:\/\/24formosa.com.ar\/index.php?rest_route=\/wp\/v2\/users\/8"}],"replies":[{"embeddable":true,"href":"https:\/\/24formosa.com.ar\/index.php?rest_route=%2Fwp%2Fv2%2Fcomments&post=69965"}],"version-history":[{"count":1,"href":"https:\/\/24formosa.com.ar\/index.php?rest_route=\/wp\/v2\/posts\/69965\/revisions"}],"predecessor-version":[{"id":69967,"href":"https:\/\/24formosa.com.ar\/index.php?rest_route=\/wp\/v2\/posts\/69965\/revisions\/69967"}],"wp:featuredmedia":[{"embeddable":true,"href":"https:\/\/24formosa.com.ar\/index.php?rest_route=\/wp\/v2\/media\/69966"}],"wp:attachment":[{"href":"https:\/\/24formosa.com.ar\/index.php?rest_route=%2Fwp%2Fv2%2Fmedia&parent=69965"}],"wp:term":[{"taxonomy":"category","embeddable":true,"href":"https:\/\/24formosa.com.ar\/index.php?rest_route=%2Fwp%2Fv2%2Fcategories&post=69965"},{"taxonomy":"post_tag","embeddable":true,"href":"https:\/\/24formosa.com.ar\/index.php?rest_route=%2Fwp%2Fv2%2Ftags&post=69965"}],"curies":[{"name":"wp","href":"https:\/\/api.w.org\/{rel}","templated":true}]}}