{"id":69959,"date":"2025-11-10T21:21:44","date_gmt":"2025-11-11T00:21:44","guid":{"rendered":"https:\/\/24formosa.com.ar\/?p=69959"},"modified":"2025-11-10T21:21:45","modified_gmt":"2025-11-11T00:21:45","slug":"de-la-rosa-la-equidad-social-y-territorial-estan-presentes-en-formosa","status":"publish","type":"post","link":"https:\/\/24formosa.com.ar\/?p=69959","title":{"rendered":"De la Rosa: \u201cLa equidad social y territorial est\u00e1n presentes en Formosa\u201d"},"content":{"rendered":"\n<p><em>La diputada nacional electa por el Justicialismo, Graciela de la Rosa, puso en valor las pol\u00edticas de Gobierno de Formosa hacia las personas con discapacidad. .<\/em><\/p>\n\n\n\n<p>\u201cEn la provincia, la discapacidad tiene jerarqu\u00eda constitucional, sus derechos se encuentran plasmados en la Carta Magna Provincial, as\u00ed como la plena inclusi\u00f3n y la igualdad de oportunidades, que siempre est\u00e1n presentes\u201d, expres\u00f3 a la Agencia de Noticias Formosa (AGENFOR).<\/p>\n\n\n\n<p>En este sentido, destac\u00f3 la labor que se realiza en las escuelas especiales y, sobre todo, realz\u00f3 \u201cel trabajo integral que se lleva a cabo entre el cartera educativa y otros organismos gubernamentales\u201d, como por ejemplo con los Institutos PAIPPA y de Asistencia Social (IAS).<\/p>\n\n\n\n<figure class=\"wp-block-image\"><a href=\"https:\/\/agenfor.com.ar\/wp-content\/uploads\/2025\/11\/2%C2%B0-Expo-Provincial-de-Formacion-y-Trabajo-del-Modelo-Formoseno-y-el-1%C2%B0-Festival-Artistico-4.jpeg\"><img decoding=\"async\" src=\"https:\/\/agenfor.com.ar\/wp-content\/uploads\/2025\/11\/2%C2%B0-Expo-Provincial-de-Formacion-y-Trabajo-del-Modelo-Formoseno-y-el-1%C2%B0-Festival-Artistico-4.jpeg\" alt=\"\" class=\"wp-image-250240\"\/><\/a><\/figure>\n\n\n\n<p>Puso de resalto que tanto \u201cla equidad social como la territorial est\u00e1n presentes en Formosa\u201d, ya que la provincia posee a lo largo y ancho de su geograf\u00eda escuelas especiales adaptadas y equipadas de acuerdo con las necesidades, permitiendo as\u00ed \u201cla integraci\u00f3n y la preparaci\u00f3n para la inclusi\u00f3n laboral de los j\u00f3venes y adultos\u201d.<\/p>\n\n\n\n<p>Y asegur\u00f3 que \u201clo dicho no es letra muerta\u201d y al evidenciar ello mencion\u00f3 que \u201clo vemos plasmados en hechos\u201d, como la reciente 2\u00b0 Expo Provincial de Formaci\u00f3n y Trabajo del Modelo Formose\u00f1o, la cual se realiz\u00f3 el pasado viernes 7 en el Galp\u00f3n \u201cG\u201d del Paseo Costanero capitalino.<\/p>\n\n\n\n<p>\u201cHablamos de derechos para las personas con discapacidad, y ac\u00e1 est\u00e1n concretados esos derechos y el pa\u00eds debe saberlo, porque en Formosa esa dignidad se encuentra edifica con las escuelas aptas para ellos\u201d, subray\u00f3.<\/p>\n\n\n\n<p>Prosigui\u00f3 marcando que \u201cestas pol\u00edticas inclusivas son un verdadero acto de justicia social\u201d merced a la gesti\u00f3n del gobernador Gildo Insfr\u00e1n.<\/p>\n\n\n\n<figure class=\"wp-block-image\"><a href=\"https:\/\/agenfor.com.ar\/wp-content\/uploads\/2025\/08\/Graciela-de-la-Rosa-candidata-del-FdV-1.jpg\"><img decoding=\"async\" src=\"https:\/\/agenfor.com.ar\/wp-content\/uploads\/2025\/08\/Graciela-de-la-Rosa-candidata-del-FdV-1-1024x682.jpg\" alt=\"\" class=\"wp-image-240884\"\/><\/a><\/figure>\n","protected":false},"excerpt":{"rendered":"<p>La diputada nacional electa por el Justicialismo, Graciela de la Rosa, puso en valor las<\/p>\n","protected":false},"author":8,"featured_media":69960,"comment_status":"closed","ping_status":"closed","sticky":false,"template":"","format":"standard","meta":{"footnotes":""},"categories":[1],"tags":[],"class_list":["post-69959","post","type-post","status-publish","format-standard","has-post-thumbnail","hentry","category-noticias"],"_links":{"self":[{"href":"https:\/\/24formosa.com.ar\/index.php?rest_route=\/wp\/v2\/posts\/69959","targetHints":{"allow":["GET"]}}],"collection":[{"href":"https:\/\/24formosa.com.ar\/index.php?rest_route=\/wp\/v2\/posts"}],"about":[{"href":"https:\/\/24formosa.com.ar\/index.php?rest_route=\/wp\/v2\/types\/post"}],"author":[{"embeddable":true,"href":"https:\/\/24formosa.com.ar\/index.php?rest_route=\/wp\/v2\/users\/8"}],"replies":[{"embeddable":true,"href":"https:\/\/24formosa.com.ar\/index.php?rest_route=%2Fwp%2Fv2%2Fcomments&post=69959"}],"version-history":[{"count":1,"href":"https:\/\/24formosa.com.ar\/index.php?rest_route=\/wp\/v2\/posts\/69959\/revisions"}],"predecessor-version":[{"id":69961,"href":"https:\/\/24formosa.com.ar\/index.php?rest_route=\/wp\/v2\/posts\/69959\/revisions\/69961"}],"wp:featuredmedia":[{"embeddable":true,"href":"https:\/\/24formosa.com.ar\/index.php?rest_route=\/wp\/v2\/media\/69960"}],"wp:attachment":[{"href":"https:\/\/24formosa.com.ar\/index.php?rest_route=%2Fwp%2Fv2%2Fmedia&parent=69959"}],"wp:term":[{"taxonomy":"category","embeddable":true,"href":"https:\/\/24formosa.com.ar\/index.php?rest_route=%2Fwp%2Fv2%2Fcategories&post=69959"},{"taxonomy":"post_tag","embeddable":true,"href":"https:\/\/24formosa.com.ar\/index.php?rest_route=%2Fwp%2Fv2%2Ftags&post=69959"}],"curies":[{"name":"wp","href":"https:\/\/api.w.org\/{rel}","templated":true}]}}