{"id":69953,"date":"2025-11-10T21:17:43","date_gmt":"2025-11-11T00:17:43","guid":{"rendered":"https:\/\/24formosa.com.ar\/?p=69953"},"modified":"2025-11-10T21:17:44","modified_gmt":"2025-11-11T00:17:44","slug":"la-secretaria-de-la-mujer-promovio-un-espacio-de-capacitacion-y-reflexion-de-nuevos-roles-y-resignificacion-de-masculinidades","status":"publish","type":"post","link":"https:\/\/24formosa.com.ar\/?p=69953","title":{"rendered":"La Secretar\u00eda de la Mujer promovi\u00f3 un espacio de capacitaci\u00f3n y reflexi\u00f3n de \u201cnuevos roles y resignificaci\u00f3n de masculinidades\u201d"},"content":{"rendered":"\n<p>En el marco de las acciones impulsadas desde la Secretar\u00eda de la Mujer del Gobierno de Formosa para la prevenci\u00f3n y erradicaci\u00f3n de las violencias de g\u00e9nero, en la tarde de este lunes 10 se realiz\u00f3 una actividad denominada \u201cMasculinidades en construcci\u00f3n. Hacia la igualdad y el bienestar colectivo\u201d.<\/p>\n\n\n\n<p>Entre las 17 y 20 horas, la jornada de trabajo tuvo lugar en el Centro Ocupacional Inclusivo (COI) del barrio capitalino Emilio Tom\u00e1s, en este mes de noviembre, donde el 25 se evoca el D\u00eda Internacional para la Eliminaci\u00f3n de la Violencia contra la Mujer.<\/p>\n\n\n\n<p>En ese marco es que se comenz\u00f3 con \u201cuna l\u00ednea de capacitaci\u00f3n de nuevos roles y resignificaci\u00f3n de masculinidades\u201d, se\u00f1al\u00f3 a la Agencia de Noticias Formosa (AGENFOR) la secretaria de la Mujer, la licenciada Patricia Hermosilla, quien indic\u00f3 que la actividad estuvo dirigida \u201ca todos los agentes, operadores, t\u00e9cnicos, auxiliares y profesionales que conforman los equipos de las distintas \u00e1reas del Ministerio de la Comunidad\u201d.<\/p>\n\n\n\n<figure class=\"wp-block-image\"><a href=\"https:\/\/agenfor.com.ar\/wp-content\/uploads\/2025\/11\/WhatsApp-Image-2025-11-10-at-6.00.57-PM.jpeg\"><img decoding=\"async\" src=\"https:\/\/agenfor.com.ar\/wp-content\/uploads\/2025\/11\/WhatsApp-Image-2025-11-10-at-6.00.57-PM-1024x461.jpeg\" alt=\"\" class=\"wp-image-250385\"\/><\/a><\/figure>\n\n\n\n<p>Entre ellas, mencion\u00f3 al Plan Alimentario Nutrir, el Instituto IAPA, entre otros, ya que desde dichas esferas \u201cse abordan situaciones complejas\u201d, as\u00ed como tambi\u00e9n administrativas, motivo por el cual acompa\u00f1aron esta propuesta desarrollada \u201cen una sola jornada\u201d.<\/p>\n\n\n\n<p>\u201cEn el abordaje de la capacitaci\u00f3n se dio lugar al espacio de las emociones o de poder concebir otras posibilidades m\u00e1s all\u00e1 de lo que se llama la masculinidad hegem\u00f3nica\u201d, explic\u00f3, \u201cpara poder resignificar y reinterpretar muchos aspectos conductuales y que, justamente, se vinculan con la prevenci\u00f3n de los micro machismos\u201d.<\/p>\n\n\n\n<p>Se ofrecieron \u201cherramientas\u201d con la intenci\u00f3n de, a trav\u00e9s de ellas, generar \u201cuna mejor calidad en las comunicaciones humanas\u201d, pero, sin embargo, para eso tambi\u00e9n es necesario, se\u00f1al\u00f3, despojarse \u201cde muchos estereotipos y prejuicios tanto sobre los hombres como las mujeres\u201d.<\/p>\n\n\n\n<p>De modo que, \u201cdesde este espacio se pretende, entonces, fomentar nuevas formas de comunicarnos, con estrategias que promuevan el buen trato, la resignificaci\u00f3n de los v\u00ednculos y, por supuesto, esperando que esto se traduzca, por parte de quienes participaron, en mejorar cada d\u00eda en las relaciones personales y laborales, adem\u00e1s del v\u00ednculo con las otras personas\u201d, enfatiz\u00f3 la funcionaria.<\/p>\n\n\n\n<p>En el mismo sentido, se refiri\u00f3 la psic\u00f3loga Carolina Vera, quien forma parte del equipo interdisciplinario de la Secretar\u00eda de la Mujer, ahondando en que el taller se dict\u00f3 siguiendo los lineamientos de la Ley Micaela.<\/p>\n\n\n\n<figure class=\"wp-block-image\"><a href=\"https:\/\/agenfor.com.ar\/wp-content\/uploads\/2025\/11\/Patricia-Hermosilla-secretaria-de-la-Mujer-1.jpg\"><img decoding=\"async\" src=\"https:\/\/agenfor.com.ar\/wp-content\/uploads\/2025\/11\/Patricia-Hermosilla-secretaria-de-la-Mujer-1-1024x682.jpg\" alt=\"\" class=\"wp-image-250380\"\/><\/a><figcaption class=\"wp-element-caption\">Patricia Hermosilla<\/figcaption><\/figure>\n\n\n\n<p>Partiendo de dicha norma nacional es que \u201ctrabajaron a fondo un eje que tiene que ver con la construcci\u00f3n de nuevas masculinidades\u201d, a partir de esta \u201cprimera disertaci\u00f3n en esta capacitaci\u00f3n y tambi\u00e9n con un taller\u201d, reflexionando que, \u201cmuchas veces, est\u00e1n naturalizados algunos aspectos con respecto a lo que es ser hombre\u201d, los cuales son \u201caprendizajes que se van dando a lo largo de la vida\u201d.<\/p>\n\n\n\n<p>De manera que a modo de prevenci\u00f3n y teniendo en cuenta el 25N de este mes, es que se promueven estos espacios para \u201ctrabajar a fondo estos patrones y poder generar en ellos una reflexi\u00f3n\u201d.<\/p>\n\n\n\n<p>Seg\u00fan remarc\u00f3, el objetivo es \u201cdeconstruir y empezar a pensar nuevas masculinidades de una manera m\u00e1s positiva\u201d. Y para lograrlo se \u201cconvoca a todas las personas\u201d, ya que \u201ces una responsabilidad e implicancia para as\u00ed poder erradicar las violencias y empezar a incorporar un nuevo trato\u201d.<\/p>\n\n\n\n<p>Tambi\u00e9n, para ir \u201csacando la figura del hombre como alguien que tiene que ser proveedor o que es el \u00fanico que toma las decisiones\u201d, al igual que desterrando cuestiones como que \u201ces alguien que no puede llorar\u201d y que si lo hace, \u201cmuestra una figura muy d\u00e9bil\u201d.<\/p>\n\n\n\n<p>\u201cEsas deconstrucciones se abordaron en este taller\u201d, marc\u00f3 la profesional del equipo interdisciplinario de la Secretar\u00eda de la Mujer.<\/p>\n","protected":false},"excerpt":{"rendered":"<p>En el marco de las acciones impulsadas desde la Secretar\u00eda de la Mujer del Gobierno<\/p>\n","protected":false},"author":8,"featured_media":69954,"comment_status":"closed","ping_status":"closed","sticky":false,"template":"","format":"standard","meta":{"footnotes":""},"categories":[1],"tags":[],"class_list":["post-69953","post","type-post","status-publish","format-standard","has-post-thumbnail","hentry","category-noticias"],"_links":{"self":[{"href":"https:\/\/24formosa.com.ar\/index.php?rest_route=\/wp\/v2\/posts\/69953","targetHints":{"allow":["GET"]}}],"collection":[{"href":"https:\/\/24formosa.com.ar\/index.php?rest_route=\/wp\/v2\/posts"}],"about":[{"href":"https:\/\/24formosa.com.ar\/index.php?rest_route=\/wp\/v2\/types\/post"}],"author":[{"embeddable":true,"href":"https:\/\/24formosa.com.ar\/index.php?rest_route=\/wp\/v2\/users\/8"}],"replies":[{"embeddable":true,"href":"https:\/\/24formosa.com.ar\/index.php?rest_route=%2Fwp%2Fv2%2Fcomments&post=69953"}],"version-history":[{"count":1,"href":"https:\/\/24formosa.com.ar\/index.php?rest_route=\/wp\/v2\/posts\/69953\/revisions"}],"predecessor-version":[{"id":69955,"href":"https:\/\/24formosa.com.ar\/index.php?rest_route=\/wp\/v2\/posts\/69953\/revisions\/69955"}],"wp:featuredmedia":[{"embeddable":true,"href":"https:\/\/24formosa.com.ar\/index.php?rest_route=\/wp\/v2\/media\/69954"}],"wp:attachment":[{"href":"https:\/\/24formosa.com.ar\/index.php?rest_route=%2Fwp%2Fv2%2Fmedia&parent=69953"}],"wp:term":[{"taxonomy":"category","embeddable":true,"href":"https:\/\/24formosa.com.ar\/index.php?rest_route=%2Fwp%2Fv2%2Fcategories&post=69953"},{"taxonomy":"post_tag","embeddable":true,"href":"https:\/\/24formosa.com.ar\/index.php?rest_route=%2Fwp%2Fv2%2Ftags&post=69953"}],"curies":[{"name":"wp","href":"https:\/\/api.w.org\/{rel}","templated":true}]}}