{"id":69945,"date":"2025-11-06T21:37:41","date_gmt":"2025-11-07T00:37:41","guid":{"rendered":"https:\/\/24formosa.com.ar\/?p=69945"},"modified":"2025-11-06T21:37:41","modified_gmt":"2025-11-07T00:37:41","slug":"estudiantes-de-educacion-tecnica-profesional-fueron-reconocidos-por-la-cartera-educativa-provincial","status":"publish","type":"post","link":"https:\/\/24formosa.com.ar\/?p=69945","title":{"rendered":"Estudiantes de Educaci\u00f3n T\u00e9cnica Profesional fueron reconocidos por la cartera educativa provincial"},"content":{"rendered":"\n<p><em>La Direcci\u00f3n de Educaci\u00f3n T\u00e9cnica (DET), dependiente del Ministerio de Cultura y Educaci\u00f3n (MCyE), llev\u00f3 a cabo la entrega de reconocimientos a estudiantes de Educaci\u00f3n T\u00e9cnico Profesional destacados de este a\u00f1o, este jueves 6 de noviembre, por la ma\u00f1ana, en el Galp\u00f3n \u201cC\u201d del Paseo Costanero.<\/em><\/p>\n\n\n\n<p>En ese marco, el titular de la cartera educativa, Julio Ar\u00e1oz, especific\u00f3 que esta distinci\u00f3n fue tambi\u00e9n para los docentes de diversos establecimientos de educaci\u00f3n t\u00e9cnica de la provincia que participaron en instancias regionales y nacionales de las Olimp\u00edadas de Educaci\u00f3n T\u00e9cnica que est\u00e1n organizadas por el Instituto Nacional de Educaci\u00f3n T\u00e9cnica.<\/p>\n\n\n\n<figure class=\"wp-block-image\"><a href=\"https:\/\/agenfor.com.ar\/wp-content\/uploads\/2025\/11\/entrega-reconocimientos-educacion-tecnica_con-marca-13.jpg\"><img decoding=\"async\" src=\"https:\/\/agenfor.com.ar\/wp-content\/uploads\/2025\/11\/entrega-reconocimientos-educacion-tecnica_con-marca-13-1024x682.jpg\" alt=\"\" class=\"wp-image-249904\"\/><\/a><\/figure>\n\n\n\n<p>\u201cHemos tenido, por segundo a\u00f1o consecutivo, importantes desempe\u00f1os y creemos que no s\u00f3lo hay que reconocer sino tambi\u00e9n celebrar esto as\u00ed como lo estamos haciendo, que la comunidad conozca las capacidades que se desarrollan en el \u00e1mbito de la educaci\u00f3n t\u00e9cnica en nuestro territorio, dentro de nuestro sistema educativo\u201d, sostuvo.<\/p>\n\n\n\n<p>En ese sentido, el funcionario consider\u00f3 que \u201cson resultados que se dan en el marco de nuestro modelo de desarrollo con inclusi\u00f3n que es el Modelo Formose\u00f1o que tiene un cap\u00edtulo muy especial dedicado a la ciencia, a la tecnolog\u00eda en innovaci\u00f3n y la educaci\u00f3n t\u00e9cnica est\u00e1 dentro de eso\u201d.<\/p>\n\n\n\n<figure class=\"wp-block-image\"><a href=\"https:\/\/agenfor.com.ar\/wp-content\/uploads\/2025\/11\/entrega-reconocimientos-educacion-tecnica_con-marca-9.jpg\"><img decoding=\"async\" src=\"https:\/\/agenfor.com.ar\/wp-content\/uploads\/2025\/11\/entrega-reconocimientos-educacion-tecnica_con-marca-9-1024x682.jpg\" alt=\"\" class=\"wp-image-249900\"\/><\/a><\/figure>\n\n\n\n<p>Por otro lado, lament\u00f3 que la educaci\u00f3n t\u00e9cnica pueda sufrir m\u00e1s desfinanciamiento dentro del Presupuesto 2026, a nivel nacional, pero se neg\u00f3 a decir \u201cque nos tiene acostumbrados\u201d porque \u201cyo creo que ning\u00fan pa\u00eds se va a acostumbrar a este tipo de cuestiones de hipotecar el futuro\u201d.<\/p>\n\n\n\n<p>\u201cYa lo dec\u00eda el Papa Francisco, oportunamente, que desfinanciar la educaci\u00f3n en todos los niveles, en particular las universidades, es un suicidio anticipado, cu\u00e1nta raz\u00f3n ten\u00eda\u201d, manifest\u00f3.<\/p>\n\n\n\n<figure class=\"wp-block-image\"><a href=\"https:\/\/agenfor.com.ar\/wp-content\/uploads\/2025\/11\/entrega-reconocimientos-educacion-tecnica_con-marca-4.jpg\"><img decoding=\"async\" src=\"https:\/\/agenfor.com.ar\/wp-content\/uploads\/2025\/11\/entrega-reconocimientos-educacion-tecnica_con-marca-4-1024x682.jpg\" alt=\"\" class=\"wp-image-249895\"\/><\/a><\/figure>\n\n\n\n<p>Y ampli\u00f3: \u201cYo no conozco pa\u00edses que se hayan desarrollado con inclusi\u00f3n sin haber invertido en educaci\u00f3n, en particular, en educaci\u00f3n t\u00e9cnica, en ciencia, tecnolog\u00eda e innovaci\u00f3n teniendo en cuenta el siglo que transitamos, que es el siglo XXI, donde uno de sus rasgos distintivos es el desarrollo tecnol\u00f3gico\u201d.<\/p>\n","protected":false},"excerpt":{"rendered":"<p>La Direcci\u00f3n de Educaci\u00f3n T\u00e9cnica (DET), dependiente del Ministerio de Cultura y Educaci\u00f3n (MCyE), llev\u00f3<\/p>\n","protected":false},"author":8,"featured_media":69946,"comment_status":"closed","ping_status":"closed","sticky":false,"template":"","format":"standard","meta":{"footnotes":""},"categories":[1],"tags":[],"class_list":["post-69945","post","type-post","status-publish","format-standard","has-post-thumbnail","hentry","category-noticias"],"_links":{"self":[{"href":"https:\/\/24formosa.com.ar\/index.php?rest_route=\/wp\/v2\/posts\/69945","targetHints":{"allow":["GET"]}}],"collection":[{"href":"https:\/\/24formosa.com.ar\/index.php?rest_route=\/wp\/v2\/posts"}],"about":[{"href":"https:\/\/24formosa.com.ar\/index.php?rest_route=\/wp\/v2\/types\/post"}],"author":[{"embeddable":true,"href":"https:\/\/24formosa.com.ar\/index.php?rest_route=\/wp\/v2\/users\/8"}],"replies":[{"embeddable":true,"href":"https:\/\/24formosa.com.ar\/index.php?rest_route=%2Fwp%2Fv2%2Fcomments&post=69945"}],"version-history":[{"count":1,"href":"https:\/\/24formosa.com.ar\/index.php?rest_route=\/wp\/v2\/posts\/69945\/revisions"}],"predecessor-version":[{"id":69947,"href":"https:\/\/24formosa.com.ar\/index.php?rest_route=\/wp\/v2\/posts\/69945\/revisions\/69947"}],"wp:featuredmedia":[{"embeddable":true,"href":"https:\/\/24formosa.com.ar\/index.php?rest_route=\/wp\/v2\/media\/69946"}],"wp:attachment":[{"href":"https:\/\/24formosa.com.ar\/index.php?rest_route=%2Fwp%2Fv2%2Fmedia&parent=69945"}],"wp:term":[{"taxonomy":"category","embeddable":true,"href":"https:\/\/24formosa.com.ar\/index.php?rest_route=%2Fwp%2Fv2%2Fcategories&post=69945"},{"taxonomy":"post_tag","embeddable":true,"href":"https:\/\/24formosa.com.ar\/index.php?rest_route=%2Fwp%2Fv2%2Ftags&post=69945"}],"curies":[{"name":"wp","href":"https:\/\/api.w.org\/{rel}","templated":true}]}}