{"id":69942,"date":"2025-11-06T21:34:29","date_gmt":"2025-11-07T00:34:29","guid":{"rendered":"https:\/\/24formosa.com.ar\/?p=69942"},"modified":"2025-11-06T21:34:30","modified_gmt":"2025-11-07T00:34:30","slug":"la-policia-de-formosa-recibio-formacion-de-un-prestigioso-coronel-retirado","status":"publish","type":"post","link":"https:\/\/24formosa.com.ar\/?p=69942","title":{"rendered":"La Polic\u00eda de Formosa recibi\u00f3 formaci\u00f3n de un prestigioso coronel retirado"},"content":{"rendered":"\n<p><em>Este jueves 6, por la ma\u00f1ana, la Polic\u00eda de la provincia de Formosa realiz\u00f3 una conferencia a cargo del coronel mayor (R) Gabriel Camilli para abordar el \u201cLiderazgo Sanmartiniano\u201d en el Instituto Superior de Formaci\u00f3n Policial, ex Escuela de Cadetes.<\/em><\/p>\n\n\n\n<p>Al respecto, el ministro de Gobierno, Justicia, Seguridad y Trabajo, Jorge Abel Gonz\u00e1lez, explic\u00f3 que el militar retirado del Ej\u00e9rcito Argentino fue director de la Escuela de Guerra Conjunta y rector de la Universidad de las Fuerzas Armadas al que, consider\u00f3, \u201cuna persona que transita un pensamiento nacional muy importante y que trabaja mucho aspectos que son fundamentales y esenciales para entender el mundo de hoy, como son los desaf\u00edos geopol\u00edticos argentinos en el presente\u201d.<\/p>\n\n\n\n<p>En esta oportunidad, indic\u00f3, brind\u00f3 una charla sobre el liderazgo sanmartiniano en el siglo XXI, es decir, \u201cde qu\u00e9 manera es necesario traerlo el general Jos\u00e9 de San Mart\u00edn a este momento tan importante que est\u00e1 transitando la patria, que verdaderamente estamos en riesgo de volver a ser colonia\u201d.<\/p>\n\n\n\n<figure class=\"wp-block-image\"><a href=\"https:\/\/agenfor.com.ar\/wp-content\/uploads\/2025\/11\/conferencia-policia_con-marca-7.jpg\"><img decoding=\"async\" src=\"https:\/\/agenfor.com.ar\/wp-content\/uploads\/2025\/11\/conferencia-policia_con-marca-7-1024x682.jpg\" alt=\"\" class=\"wp-image-249888\"\/><\/a><\/figure>\n\n\n\n<p>Este conversatorio estuvo destinado al personal policial en el marco de las formaciones iniciales ya que participaron los cadetes pero, tambi\u00e9n, de la formaci\u00f3n continua porque estuvieron presentes los oficiales que est\u00e1n haciendo los cursos para sus respectivos ascensos.<\/p>\n\n\n\n<p>En ese sentido, el funcionario preciso que el objetivo de este tipo de espacios formativos es \u201cayudarnos a reflexionar sobre la situaci\u00f3n que estamos viviendo y sentirnos profundamente orgullosos de tener a un Gobernador que permanentemente nos ilumina y nos alerta\u201d.<\/p>\n\n\n\n<p>\u201cY nos pone en contexto las decisiones que vamos tomando como provincia, las decisiones que se toman a nivel nacional en un contexto global en el que hay situaciones que est\u00e1n configurando en este momento el mundo de los pr\u00f3ximos 50 a\u00f1os que tienen directa incidencia en la cotidianeidad nuestra, y de qu\u00e9 manera, ante esas situaciones, le damos y le brindamos una respuesta de nosotros mismos\u201d, sostuvo.<\/p>\n\n\n\n<figure class=\"wp-block-image\"><a href=\"https:\/\/agenfor.com.ar\/wp-content\/uploads\/2025\/11\/conferencia-policia_con-marca-4.jpg\"><img decoding=\"async\" src=\"https:\/\/agenfor.com.ar\/wp-content\/uploads\/2025\/11\/conferencia-policia_con-marca-4-1024x682.jpg\" alt=\"\" class=\"wp-image-249885\"\/><\/a><\/figure>\n\n\n\n<p>Sobre el final, Gonzalez expres\u00f3 que \u201cnos llega de orgullo\u201d la presencia del coronel Camilli porque \u201cnos viene a dar un poco de marco te\u00f3rico de cuestiones que nosotros vamos realizando en la pr\u00e1ctica\u201d.<\/p>\n\n\n\n<p>\u201cA partir de, obviamente, las decisiones tomadas por el pueblo de Formosa y por el gobernador Insfr\u00e1n; y de esa claridad conceptual que \u00e9l nos expresa en cada intervenci\u00f3n p\u00fablica que haga\u201d, cerr\u00f3.<\/p>\n","protected":false},"excerpt":{"rendered":"<p>Este jueves 6, por la ma\u00f1ana, la Polic\u00eda de la provincia de Formosa realiz\u00f3 una<\/p>\n","protected":false},"author":8,"featured_media":69943,"comment_status":"closed","ping_status":"closed","sticky":false,"template":"","format":"standard","meta":{"footnotes":""},"categories":[1],"tags":[],"class_list":["post-69942","post","type-post","status-publish","format-standard","has-post-thumbnail","hentry","category-noticias"],"_links":{"self":[{"href":"https:\/\/24formosa.com.ar\/index.php?rest_route=\/wp\/v2\/posts\/69942","targetHints":{"allow":["GET"]}}],"collection":[{"href":"https:\/\/24formosa.com.ar\/index.php?rest_route=\/wp\/v2\/posts"}],"about":[{"href":"https:\/\/24formosa.com.ar\/index.php?rest_route=\/wp\/v2\/types\/post"}],"author":[{"embeddable":true,"href":"https:\/\/24formosa.com.ar\/index.php?rest_route=\/wp\/v2\/users\/8"}],"replies":[{"embeddable":true,"href":"https:\/\/24formosa.com.ar\/index.php?rest_route=%2Fwp%2Fv2%2Fcomments&post=69942"}],"version-history":[{"count":1,"href":"https:\/\/24formosa.com.ar\/index.php?rest_route=\/wp\/v2\/posts\/69942\/revisions"}],"predecessor-version":[{"id":69944,"href":"https:\/\/24formosa.com.ar\/index.php?rest_route=\/wp\/v2\/posts\/69942\/revisions\/69944"}],"wp:featuredmedia":[{"embeddable":true,"href":"https:\/\/24formosa.com.ar\/index.php?rest_route=\/wp\/v2\/media\/69943"}],"wp:attachment":[{"href":"https:\/\/24formosa.com.ar\/index.php?rest_route=%2Fwp%2Fv2%2Fmedia&parent=69942"}],"wp:term":[{"taxonomy":"category","embeddable":true,"href":"https:\/\/24formosa.com.ar\/index.php?rest_route=%2Fwp%2Fv2%2Fcategories&post=69942"},{"taxonomy":"post_tag","embeddable":true,"href":"https:\/\/24formosa.com.ar\/index.php?rest_route=%2Fwp%2Fv2%2Ftags&post=69942"}],"curies":[{"name":"wp","href":"https:\/\/api.w.org\/{rel}","templated":true}]}}