{"id":69939,"date":"2025-11-06T21:32:06","date_gmt":"2025-11-07T00:32:06","guid":{"rendered":"https:\/\/24formosa.com.ar\/?p=69939"},"modified":"2025-11-06T21:32:06","modified_gmt":"2025-11-07T00:32:06","slug":"se-transitan-las-instancias-finales-del-ciclo-de-capacitaciones-en-sensibilizacion-turistica-para-la-policia-provincial","status":"publish","type":"post","link":"https:\/\/24formosa.com.ar\/?p=69939","title":{"rendered":"Se transitan las instancias finales del ciclo de capacitaciones en sensibilizaci\u00f3n tur\u00edstica para la Polic\u00eda Provincial"},"content":{"rendered":"\n<p><em>Durante el mes de agosto, el Ministerio de Turismo de Formosa, a trav\u00e9s de su equipo t\u00e9cnico, dio inicio a un ciclo de capacitaciones en sensibilizaci\u00f3n tur\u00edstica destinado al personal de la Polic\u00eda de la provincia.<\/em><\/p>\n\n\n\n<p>El objetivo de esta propuesta es fortalecer el rol de los agentes como anfitriones tur\u00edsticos, brind\u00e1ndoles herramientas para una atenci\u00f3n de calidad al visitante y promoviendo la imagen de Formosa como un destino seguro y hospitalario.<\/p>\n\n\n\n<p>El programa incluy\u00f3 distintos m\u00f3dulos, entre ellos el taller de ingl\u00e9s b\u00e1sico, orientado a mejorar la comunicaci\u00f3n con los turistas y reforzar la hospitalidad que caracteriza a la provincia.<\/p>\n\n\n\n<figure class=\"wp-block-image\"><a href=\"https:\/\/agenfor.com.ar\/wp-content\/uploads\/2025\/11\/Policia_turismo.jpg\"><img decoding=\"async\" src=\"https:\/\/agenfor.com.ar\/wp-content\/uploads\/2025\/11\/Policia_turismo-1024x768.jpg\" alt=\"\" class=\"wp-image-249878\"\/><\/a><\/figure>\n\n\n\n<p>Actualmente, se transitan las instancias finales de la capacitaci\u00f3n, y en la pr\u00f3xima semana se llevar\u00e1 a cabo la entrega de certificados a los participantes que completaron la formaci\u00f3n.<\/p>\n\n\n\n<p>Desde el Ministerio de Turismo se contin\u00faa trabajando junto a distintas instituciones para seguir sumando herramientas que permitan recibir mejor a quienes visitan el territorio formose\u00f1o, se subray\u00f3.<\/p>\n","protected":false},"excerpt":{"rendered":"<p>Durante el mes de agosto, el Ministerio de Turismo de Formosa, a trav\u00e9s de su<\/p>\n","protected":false},"author":8,"featured_media":69940,"comment_status":"closed","ping_status":"closed","sticky":false,"template":"","format":"standard","meta":{"footnotes":""},"categories":[1],"tags":[],"class_list":["post-69939","post","type-post","status-publish","format-standard","has-post-thumbnail","hentry","category-noticias"],"_links":{"self":[{"href":"https:\/\/24formosa.com.ar\/index.php?rest_route=\/wp\/v2\/posts\/69939","targetHints":{"allow":["GET"]}}],"collection":[{"href":"https:\/\/24formosa.com.ar\/index.php?rest_route=\/wp\/v2\/posts"}],"about":[{"href":"https:\/\/24formosa.com.ar\/index.php?rest_route=\/wp\/v2\/types\/post"}],"author":[{"embeddable":true,"href":"https:\/\/24formosa.com.ar\/index.php?rest_route=\/wp\/v2\/users\/8"}],"replies":[{"embeddable":true,"href":"https:\/\/24formosa.com.ar\/index.php?rest_route=%2Fwp%2Fv2%2Fcomments&post=69939"}],"version-history":[{"count":1,"href":"https:\/\/24formosa.com.ar\/index.php?rest_route=\/wp\/v2\/posts\/69939\/revisions"}],"predecessor-version":[{"id":69941,"href":"https:\/\/24formosa.com.ar\/index.php?rest_route=\/wp\/v2\/posts\/69939\/revisions\/69941"}],"wp:featuredmedia":[{"embeddable":true,"href":"https:\/\/24formosa.com.ar\/index.php?rest_route=\/wp\/v2\/media\/69940"}],"wp:attachment":[{"href":"https:\/\/24formosa.com.ar\/index.php?rest_route=%2Fwp%2Fv2%2Fmedia&parent=69939"}],"wp:term":[{"taxonomy":"category","embeddable":true,"href":"https:\/\/24formosa.com.ar\/index.php?rest_route=%2Fwp%2Fv2%2Fcategories&post=69939"},{"taxonomy":"post_tag","embeddable":true,"href":"https:\/\/24formosa.com.ar\/index.php?rest_route=%2Fwp%2Fv2%2Ftags&post=69939"}],"curies":[{"name":"wp","href":"https:\/\/api.w.org\/{rel}","templated":true}]}}