{"id":69936,"date":"2025-11-06T21:30:19","date_gmt":"2025-11-07T00:30:19","guid":{"rendered":"https:\/\/24formosa.com.ar\/?p=69936"},"modified":"2025-11-06T21:30:19","modified_gmt":"2025-11-07T00:30:19","slug":"se-realiza-este-viernes-la-2-expo-provincial-de-formacion-y-trabajo-del-modelo-formoseno","status":"publish","type":"post","link":"https:\/\/24formosa.com.ar\/?p=69936","title":{"rendered":"Se realiza este viernes la 2\u00b0 Expo Provincial de Formaci\u00f3n y Trabajo del Modelo Formose\u00f1o"},"content":{"rendered":"\n<p><em>El Galp\u00f3n \u201cG\u201d del Paseo Costanero capitalino ser\u00e1 sede este viernes 7, a partir de las 17 horas, de la 2\u00b0 Expo Provincial de Formaci\u00f3n y Trabajo del Modelo Formose\u00f1o y el Festival Art\u00edstico, marco en el que estudiantes de Educaci\u00f3n Especial, integrados en distintos niveles y modalidades y acompa\u00f1ados por docentes y familias, presentar\u00e1n sus trabajos.<\/em><\/p>\n\n\n\n<p>\u201cHabr\u00e1 m\u00e1s de 80 instituciones de toda la provincia, de las cuales 35 ser\u00e1n escuelas especiales, 17 escuelas de adultos, 13 escuelas de Educaci\u00f3n T\u00e9cnica y otras instituciones que acompa\u00f1an en el proceso de inclusi\u00f3n de los j\u00f3venes y adultos con discapacidad en la provincia, como el Instituto PAIPPA, el Instituto de Asistencia Social (IAS), la Subsecretar\u00eda de Empleo y otras organizaciones del Estado\u201d, explic\u00f3 a la Agencia de Noticias Formosa (AGENFOR) el jefe de Educaci\u00f3n Especial, Gustavo Miers.<\/p>\n\n\n\n<p>Como es una actividad organizada por la cartera educativa, tambi\u00e9n estar\u00e1n brindando informaci\u00f3n la Direcci\u00f3n de Educaci\u00f3n Superior, el Instituto Polit\u00e9cnico de Formosa \u201cDr. Alberto Marcelo Zorrilla\u201d, el Polo Cient\u00edfico, Tecnol\u00f3gico y de Innovaci\u00f3n, entre otros.<\/p>\n\n\n\n<p>En este sentido, record\u00f3 que \u201cdesde Educaci\u00f3n Especial, hace tres a\u00f1os, estamos formando j\u00f3venes y adultos para que realicen emprendimientos propios, puedan asociarse con la dem\u00e1s familias y as\u00ed formarse para el mundo del trabajo\u201d.<\/p>\n\n\n\n<p>\u201cEse es el objetivo principal que nos ponemos como Educaci\u00f3n Especial\u201d, subray\u00f3 el funcionario e indic\u00f3 que \u201clo demostraremos este viernes\u201d.<\/p>\n\n\n\n<p>Por \u00faltimo, resalt\u00f3 que este es el primer a\u00f1o en el que tendr\u00e1n un festival art\u00edstico, \u201cdonde actuar\u00e1n artistas de las escuelas especiales, estudiantes que est\u00e1n incluidos en los niveles y habr\u00e1 invitados especiales\u201d.<\/p>\n\n\n\n<p>\u201cAmbos eventos son de acceso libre y gratuito. Los esperamos a todos\u201d, invit\u00f3, por \u00faltimo.<\/p>\n\n\n\n<figure class=\"wp-block-image\"><a href=\"https:\/\/agenfor.com.ar\/wp-content\/uploads\/2025\/11\/Expo-Educacion-Especial.jpeg\"><img decoding=\"async\" src=\"https:\/\/agenfor.com.ar\/wp-content\/uploads\/2025\/11\/Expo-Educacion-Especial-1024x682.jpeg\" alt=\"\" class=\"wp-image-249963\"\/><\/a><\/figure>\n","protected":false},"excerpt":{"rendered":"<p>El Galp\u00f3n \u201cG\u201d del Paseo Costanero capitalino ser\u00e1 sede este viernes 7, a partir de<\/p>\n","protected":false},"author":8,"featured_media":69937,"comment_status":"closed","ping_status":"closed","sticky":false,"template":"","format":"standard","meta":{"footnotes":""},"categories":[1],"tags":[],"class_list":["post-69936","post","type-post","status-publish","format-standard","has-post-thumbnail","hentry","category-noticias"],"_links":{"self":[{"href":"https:\/\/24formosa.com.ar\/index.php?rest_route=\/wp\/v2\/posts\/69936","targetHints":{"allow":["GET"]}}],"collection":[{"href":"https:\/\/24formosa.com.ar\/index.php?rest_route=\/wp\/v2\/posts"}],"about":[{"href":"https:\/\/24formosa.com.ar\/index.php?rest_route=\/wp\/v2\/types\/post"}],"author":[{"embeddable":true,"href":"https:\/\/24formosa.com.ar\/index.php?rest_route=\/wp\/v2\/users\/8"}],"replies":[{"embeddable":true,"href":"https:\/\/24formosa.com.ar\/index.php?rest_route=%2Fwp%2Fv2%2Fcomments&post=69936"}],"version-history":[{"count":1,"href":"https:\/\/24formosa.com.ar\/index.php?rest_route=\/wp\/v2\/posts\/69936\/revisions"}],"predecessor-version":[{"id":69938,"href":"https:\/\/24formosa.com.ar\/index.php?rest_route=\/wp\/v2\/posts\/69936\/revisions\/69938"}],"wp:featuredmedia":[{"embeddable":true,"href":"https:\/\/24formosa.com.ar\/index.php?rest_route=\/wp\/v2\/media\/69937"}],"wp:attachment":[{"href":"https:\/\/24formosa.com.ar\/index.php?rest_route=%2Fwp%2Fv2%2Fmedia&parent=69936"}],"wp:term":[{"taxonomy":"category","embeddable":true,"href":"https:\/\/24formosa.com.ar\/index.php?rest_route=%2Fwp%2Fv2%2Fcategories&post=69936"},{"taxonomy":"post_tag","embeddable":true,"href":"https:\/\/24formosa.com.ar\/index.php?rest_route=%2Fwp%2Fv2%2Ftags&post=69936"}],"curies":[{"name":"wp","href":"https:\/\/api.w.org\/{rel}","templated":true}]}}