{"id":69933,"date":"2025-11-06T21:27:57","date_gmt":"2025-11-07T00:27:57","guid":{"rendered":"https:\/\/24formosa.com.ar\/?p=69933"},"modified":"2025-11-06T21:28:02","modified_gmt":"2025-11-07T00:28:02","slug":"experiencias-de-buenas-practicas-pedagogicas-formosenas-seleccionadas-para-un-encuentro-regional-de-alfabetizacion","status":"publish","type":"post","link":"https:\/\/24formosa.com.ar\/?p=69933","title":{"rendered":"Experiencias de buenas pr\u00e1cticas pedag\u00f3gicas formose\u00f1as, seleccionadas para un Encuentro Regional de Alfabetizaci\u00f3n"},"content":{"rendered":"\n<p>En el marco del Encuentro Regional de Alfabetizaci\u00f3n que se realiz\u00f3 en la provincia de Jujuy, Formosa present\u00f3 tres dispositivos institucionales desarrollados en las escuelas que generaron mejoras significativas en los procesos de ense\u00f1anza aprendizaje.<\/p>\n\n\n\n<p>Los desaf\u00edos abordados en las propuestas presentadas fueron: \u201cEl cuaderno viajero\u201d de la EPEP N\u00b0 133 (Delegaci\u00f3n Zonal Pilag\u00e1s), que centr\u00f3 las estrategias en la motivaci\u00f3n de la asistencia diaria de los ni\u00f1os para fortalecer el proceso de ense\u00f1anza-aprendizaje.<\/p>\n\n\n\n<p>\u201cEste es mi comic\u201d y \u201cLa radio escolar\u201d de la EPEP 520 (Delegaci\u00f3n Zonal Formosa), que abord\u00f3 la problem\u00e1tica de la lectoescritura y la expresi\u00f3n oral con propuestas como la revista escolar y la radio en los recreos, fortaleciendo as\u00ed la alfabetizaci\u00f3n y promoviendo la comunicaci\u00f3n en contextos reales y significativos.<\/p>\n\n\n\n<p>Tambi\u00e9n las propuestas de \u201cGaturro\u201d y \u201cLa matem\u00e1tica que conecta\u201d de la EPEP N\u00b0 405 (Delegaci\u00f3n Zonal Belgrano), que permiti\u00f3 desarrollar estrategias pedag\u00f3gicas para mejorar y fortalecer los desempe\u00f1os de los estudiantes en el \u00e1rea de matem\u00e1tica.<\/p>\n\n\n\n<figure class=\"wp-block-image\"><a href=\"https:\/\/agenfor.com.ar\/wp-content\/uploads\/2025\/11\/Experiencias-de-buenas-practicas-pedagogicas-formosenas-seleccionadas-para-un-Encuentro-Regional-de-Alfabetizacion-3.jpg\"><img decoding=\"async\" src=\"https:\/\/agenfor.com.ar\/wp-content\/uploads\/2025\/11\/Experiencias-de-buenas-practicas-pedagogicas-formosenas-seleccionadas-para-un-Encuentro-Regional-de-Alfabetizacion-3-1024x684.jpg\" alt=\"\" class=\"wp-image-249985\"\/><\/a><\/figure>\n\n\n\n<p>Cabe destacar que estos proyectos se iniciaron en el a\u00f1o 2021, logrando mejoras muy significativas en los indicadores mencionados, distinguieron desde la cartera educativa provincial.<\/p>\n\n\n\n<p>Tambi\u00e9n se\u00f1alaron que \u201clos trabajos presentados reflejan el verdadero compromiso que asume cada comunidad educativa ante las problem\u00e1ticas que se le presentan d\u00eda a d\u00eda y que los desaf\u00edan a transformar y mejorar sus pr\u00e1cticas docentes\u201d.&nbsp;<\/p>\n\n\n\n<p>Por \u00faltimo, informaron que la delegaci\u00f3n de Formosa que asisti\u00f3 a dicho evento estuvo integrada por equipos t\u00e9cnicos y referentes territoriales de las Direcciones de Educaci\u00f3n Primaria y de Planeamiento Educativo.<\/p>\n\n\n\n<figure class=\"wp-block-image\"><a href=\"https:\/\/agenfor.com.ar\/wp-content\/uploads\/2025\/11\/Experiencias-de-buenas-practicas-pedagogicas-formosenas-seleccionadas-para-un-Encuentro-Regional-de-Alfabetizacion-5.jpg\"><img decoding=\"async\" src=\"https:\/\/agenfor.com.ar\/wp-content\/uploads\/2025\/11\/Experiencias-de-buenas-practicas-pedagogicas-formosenas-seleccionadas-para-un-Encuentro-Regional-de-Alfabetizacion-5-1024x684.jpg\" alt=\"\" class=\"wp-image-249982\"\/><\/a><\/figure>\n","protected":false},"excerpt":{"rendered":"<p>En el marco del Encuentro Regional de Alfabetizaci\u00f3n que se realiz\u00f3 en la provincia de<\/p>\n","protected":false},"author":8,"featured_media":69934,"comment_status":"closed","ping_status":"closed","sticky":false,"template":"","format":"standard","meta":{"footnotes":""},"categories":[1],"tags":[],"class_list":["post-69933","post","type-post","status-publish","format-standard","has-post-thumbnail","hentry","category-noticias"],"_links":{"self":[{"href":"https:\/\/24formosa.com.ar\/index.php?rest_route=\/wp\/v2\/posts\/69933","targetHints":{"allow":["GET"]}}],"collection":[{"href":"https:\/\/24formosa.com.ar\/index.php?rest_route=\/wp\/v2\/posts"}],"about":[{"href":"https:\/\/24formosa.com.ar\/index.php?rest_route=\/wp\/v2\/types\/post"}],"author":[{"embeddable":true,"href":"https:\/\/24formosa.com.ar\/index.php?rest_route=\/wp\/v2\/users\/8"}],"replies":[{"embeddable":true,"href":"https:\/\/24formosa.com.ar\/index.php?rest_route=%2Fwp%2Fv2%2Fcomments&post=69933"}],"version-history":[{"count":1,"href":"https:\/\/24formosa.com.ar\/index.php?rest_route=\/wp\/v2\/posts\/69933\/revisions"}],"predecessor-version":[{"id":69935,"href":"https:\/\/24formosa.com.ar\/index.php?rest_route=\/wp\/v2\/posts\/69933\/revisions\/69935"}],"wp:featuredmedia":[{"embeddable":true,"href":"https:\/\/24formosa.com.ar\/index.php?rest_route=\/wp\/v2\/media\/69934"}],"wp:attachment":[{"href":"https:\/\/24formosa.com.ar\/index.php?rest_route=%2Fwp%2Fv2%2Fmedia&parent=69933"}],"wp:term":[{"taxonomy":"category","embeddable":true,"href":"https:\/\/24formosa.com.ar\/index.php?rest_route=%2Fwp%2Fv2%2Fcategories&post=69933"},{"taxonomy":"post_tag","embeddable":true,"href":"https:\/\/24formosa.com.ar\/index.php?rest_route=%2Fwp%2Fv2%2Ftags&post=69933"}],"curies":[{"name":"wp","href":"https:\/\/api.w.org\/{rel}","templated":true}]}}