{"id":69925,"date":"2025-11-05T23:44:13","date_gmt":"2025-11-06T02:44:13","guid":{"rendered":"https:\/\/24formosa.com.ar\/?p=69925"},"modified":"2025-11-05T23:44:13","modified_gmt":"2025-11-06T02:44:13","slug":"se-realizo-el-segundo-encuentro-de-la-red-de-bibliotecas-de-la-provincia","status":"publish","type":"post","link":"https:\/\/24formosa.com.ar\/?p=69925","title":{"rendered":"Se realiz\u00f3 el segundo encuentro de la Red de Bibliotecas de la provincia"},"content":{"rendered":"\n<p><em>Este mi\u00e9rcoles 5 de noviembre, en la Biblioteca Popular \u201cProf. Mar\u00eda Blanca Borau-Sim\u00f3notto\u201d, se llev\u00f3 a cabo la segunda jornada de encuentro de referentes de la Red de Bibliotecas, donde se desarroll\u00f3 una charla sobre normas y criterios de manejo bibliotecario.<\/em><\/p>\n\n\n\n<p>Al respecto, el profesor Javier N\u00fa\u00f1ez, integrante del Archivo Hist\u00f3rico Provincial, explic\u00f3 a AGENFOR que se trata de un encuentro pautado organizado desde la Direcci\u00f3n de Patrimonio Sociocultural y del Archivo Hist\u00f3rico.<\/p>\n\n\n\n<p>\u201cEmpezamos a conformar una red de bibliotecas que va a estar integrada por bibliotecas populares, bibliotecas p\u00fablicas, centros culturales, pueden tambi\u00e9n formar parte de bibliotecas privadas, con la intenci\u00f3n de visibilizar todo lo que tenga que ver con las publicaciones de autores locales de distintas tem\u00e1ticas\u201d, indic\u00f3.<\/p>\n\n\n\n<p>Y agreg\u00f3: \u201cPorque esto, justamente, nace de una inquietud de muchos lectores de nuestros espacios que se preguntan, o a veces los docentes que nos comentan, que existe poco escrito y publicado sobre Formosa\u201d.<\/p>\n\n\n\n<figure class=\"wp-block-image\"><a href=\"https:\/\/agenfor.com.ar\/wp-content\/uploads\/2025\/11\/encuentro-red-de-bibliotecas_con-marca-4.jpg\"><img decoding=\"async\" src=\"https:\/\/agenfor.com.ar\/wp-content\/uploads\/2025\/11\/encuentro-red-de-bibliotecas_con-marca-4-1024x682.jpg\" alt=\"\" class=\"wp-image-249763\"\/><\/a><\/figure>\n\n\n\n<p>En ese sentido, el docente admiti\u00f3 que esa es una realidad pero, aclar\u00f3, \u201csi comparamos con otros espacios provinciales, hay muchas investigaciones, autores nuevos y cl\u00e1sicos, que no son conocidos por la gran mayor\u00eda de usuarios, de lectores, de estudiantes, de profesores, de toda la comunidad de Formosa\u201d.<\/p>\n\n\n\n<p>\u201cY desde las bibliotecas nos dimos cuenta que tenemos esos materiales y a veces est\u00e1n dispersos, por lo que pensamos que ser\u00eda muy conveniente formar una Red de Bibliotecas de modo tal que podamos poner a disposici\u00f3n todo nuestro inventario en el portal oficial del Gobierno de Formosa\u201d, se\u00f1al\u00f3.<\/p>\n\n\n\n<p>En ese sitio web estar\u00e1n disponibles estos materiales y, adem\u00e1s, informaci\u00f3n sobre los horarios para visitar las bibliotecas, los vol\u00famenes de las publicaciones, como as\u00ed tambi\u00e9n \u201cvisibilizar los sacerdocios bibliogr\u00e1ficos con los que se cuenta, muchos de los cuales tal vez son desconocidos\u201d.<\/p>\n\n\n\n<p>\u201cY, al mismo tiempo, llevar adelante actividades culturales, clubes de lectura, propuestas que tienen que ver con charlas de debate, presentaciones de libros, es decir, poner en valor muchos de los textos cl\u00e1sicos, pero tambi\u00e9n de las publicaciones m\u00e1s recientes\u201d, a\u00f1adi\u00f3.<\/p>\n\n\n\n<p>Por \u00faltimo, N\u00fa\u00f1ez anticip\u00f3 que est\u00e1 programado el tercer encuentro de este tipo para el pr\u00f3ximo 11 de diciembre con sede en el Archivo Hist\u00f3rico Provincial \u201cdonde vamos a plantear el calendario y la agenda de actividades para el a\u00f1o pr\u00f3ximo\u201d.<\/p>\n\n\n\n<p>\u201cTambi\u00e9n cada biblioteca va a traer sus inquietudes, que justamente son las tem\u00e1ticas y aportes que est\u00e1n saliendo de esta segunda reuni\u00f3n\u201d, cerr\u00f3.<\/p>\n","protected":false},"excerpt":{"rendered":"<p>Este mi\u00e9rcoles 5 de noviembre, en la Biblioteca Popular \u201cProf. Mar\u00eda Blanca Borau-Sim\u00f3notto\u201d, se llev\u00f3<\/p>\n","protected":false},"author":8,"featured_media":69926,"comment_status":"closed","ping_status":"closed","sticky":false,"template":"","format":"standard","meta":{"footnotes":""},"categories":[1],"tags":[],"class_list":["post-69925","post","type-post","status-publish","format-standard","has-post-thumbnail","hentry","category-noticias"],"_links":{"self":[{"href":"https:\/\/24formosa.com.ar\/index.php?rest_route=\/wp\/v2\/posts\/69925","targetHints":{"allow":["GET"]}}],"collection":[{"href":"https:\/\/24formosa.com.ar\/index.php?rest_route=\/wp\/v2\/posts"}],"about":[{"href":"https:\/\/24formosa.com.ar\/index.php?rest_route=\/wp\/v2\/types\/post"}],"author":[{"embeddable":true,"href":"https:\/\/24formosa.com.ar\/index.php?rest_route=\/wp\/v2\/users\/8"}],"replies":[{"embeddable":true,"href":"https:\/\/24formosa.com.ar\/index.php?rest_route=%2Fwp%2Fv2%2Fcomments&post=69925"}],"version-history":[{"count":1,"href":"https:\/\/24formosa.com.ar\/index.php?rest_route=\/wp\/v2\/posts\/69925\/revisions"}],"predecessor-version":[{"id":69927,"href":"https:\/\/24formosa.com.ar\/index.php?rest_route=\/wp\/v2\/posts\/69925\/revisions\/69927"}],"wp:featuredmedia":[{"embeddable":true,"href":"https:\/\/24formosa.com.ar\/index.php?rest_route=\/wp\/v2\/media\/69926"}],"wp:attachment":[{"href":"https:\/\/24formosa.com.ar\/index.php?rest_route=%2Fwp%2Fv2%2Fmedia&parent=69925"}],"wp:term":[{"taxonomy":"category","embeddable":true,"href":"https:\/\/24formosa.com.ar\/index.php?rest_route=%2Fwp%2Fv2%2Fcategories&post=69925"},{"taxonomy":"post_tag","embeddable":true,"href":"https:\/\/24formosa.com.ar\/index.php?rest_route=%2Fwp%2Fv2%2Ftags&post=69925"}],"curies":[{"name":"wp","href":"https:\/\/api.w.org\/{rel}","templated":true}]}}