{"id":69922,"date":"2025-11-05T23:41:49","date_gmt":"2025-11-06T02:41:49","guid":{"rendered":"https:\/\/24formosa.com.ar\/?p=69922"},"modified":"2025-11-05T23:41:50","modified_gmt":"2025-11-06T02:41:50","slug":"el-hac-realizara-la-ii-jornada-institucional-de-salud-mental","status":"publish","type":"post","link":"https:\/\/24formosa.com.ar\/?p=69922","title":{"rendered":"El HAC realizar\u00e1 la II Jornada Institucional de Salud Mental"},"content":{"rendered":"\n<p><em>El Hospital de Alta Complejidad \u201cPte. Juan Domingo Per\u00f3n\u201d invita a participar de la II Jornada Institucional de Salud Mental, que este a\u00f1o abordar\u00e1 una tem\u00e1tica de gran sensibilidad y relevancia social: \u201cEl suicidio y conductas de riesgo\u201d.<\/em><\/p>\n\n\n\n<p>El encuentro se desarrollar\u00e1 los d\u00edas 13 y 14 de noviembre, a partir de las 8 horas, en el Sal\u00f3n de Conferencias del HAC, y estar\u00e1 dirigido a todo el personal de salud, estudiantes y p\u00fablico en general.<\/p>\n\n\n\n<p>El objetivo de la jornada es generar un espacio de reflexi\u00f3n, intercambio y capacitaci\u00f3n sobre las problem\u00e1ticas vinculadas a la salud mental, promoviendo una mirada integral, preventiva y comunitaria. A trav\u00e9s de diversas ponencias y mesas de preguntas, se buscar\u00e1 brindar herramientas que contribuyan a la detecci\u00f3n temprana, acompa\u00f1amiento y contenci\u00f3n de personas en situaci\u00f3n de vulnerabilidad emocional.<\/p>\n\n\n\n<p>Desde el nosocomio destacan la importancia de fortalecer los lazos interinstitucionales y el compromiso de los equipos de salud en la promoci\u00f3n del bienestar emocional y la prevenci\u00f3n del suicidio.<\/p>\n\n\n\n<p>Inscripciones habilitadas a trav\u00e9s del c\u00f3digo QR disponibles en los afiches de promoci\u00f3n o bien ingresar a&nbsp;<a href=\"http:\/\/www.hacfsa.gob.ar\/\">www.hacfsa.gob.ar<\/a>.<\/p>\n","protected":false},"excerpt":{"rendered":"<p>El Hospital de Alta Complejidad \u201cPte. Juan Domingo Per\u00f3n\u201d invita a participar de la II<\/p>\n","protected":false},"author":8,"featured_media":69923,"comment_status":"closed","ping_status":"closed","sticky":false,"template":"","format":"standard","meta":{"footnotes":""},"categories":[1],"tags":[],"class_list":["post-69922","post","type-post","status-publish","format-standard","has-post-thumbnail","hentry","category-noticias"],"_links":{"self":[{"href":"https:\/\/24formosa.com.ar\/index.php?rest_route=\/wp\/v2\/posts\/69922","targetHints":{"allow":["GET"]}}],"collection":[{"href":"https:\/\/24formosa.com.ar\/index.php?rest_route=\/wp\/v2\/posts"}],"about":[{"href":"https:\/\/24formosa.com.ar\/index.php?rest_route=\/wp\/v2\/types\/post"}],"author":[{"embeddable":true,"href":"https:\/\/24formosa.com.ar\/index.php?rest_route=\/wp\/v2\/users\/8"}],"replies":[{"embeddable":true,"href":"https:\/\/24formosa.com.ar\/index.php?rest_route=%2Fwp%2Fv2%2Fcomments&post=69922"}],"version-history":[{"count":1,"href":"https:\/\/24formosa.com.ar\/index.php?rest_route=\/wp\/v2\/posts\/69922\/revisions"}],"predecessor-version":[{"id":69924,"href":"https:\/\/24formosa.com.ar\/index.php?rest_route=\/wp\/v2\/posts\/69922\/revisions\/69924"}],"wp:featuredmedia":[{"embeddable":true,"href":"https:\/\/24formosa.com.ar\/index.php?rest_route=\/wp\/v2\/media\/69923"}],"wp:attachment":[{"href":"https:\/\/24formosa.com.ar\/index.php?rest_route=%2Fwp%2Fv2%2Fmedia&parent=69922"}],"wp:term":[{"taxonomy":"category","embeddable":true,"href":"https:\/\/24formosa.com.ar\/index.php?rest_route=%2Fwp%2Fv2%2Fcategories&post=69922"},{"taxonomy":"post_tag","embeddable":true,"href":"https:\/\/24formosa.com.ar\/index.php?rest_route=%2Fwp%2Fv2%2Ftags&post=69922"}],"curies":[{"name":"wp","href":"https:\/\/api.w.org\/{rel}","templated":true}]}}