{"id":69919,"date":"2025-11-05T23:40:01","date_gmt":"2025-11-06T02:40:01","guid":{"rendered":"https:\/\/24formosa.com.ar\/?p=69919"},"modified":"2025-11-05T23:40:02","modified_gmt":"2025-11-06T02:40:02","slug":"se-realizo-la-primera-colecta-de-sangre-en-el-hospital-de-general-belgrano","status":"publish","type":"post","link":"https:\/\/24formosa.com.ar\/?p=69919","title":{"rendered":"Se realiz\u00f3 la primera colecta de sangre en el Hospital de General Belgrano"},"content":{"rendered":"\n<p><em>Una jornada trascendente para la localidad y para la salud p\u00fablica provincial, que cont\u00f3 con la adhesi\u00f3n y acompa\u00f1amiento de la comunidad<\/em><\/p>\n\n\n\n<p>El Gobierno de la provincia de Formosa, a trav\u00e9s del Ministerio de Desarrollo Humano y el Centro Provincial de Hemoterapia, llev\u00f3 adelante este mi\u00e9rcoles 5 de noviembre la primera colecta de sangre en el Hospital de General Belgrano, una iniciativa que cont\u00f3 con la participaci\u00f3n de 34 donantes voluntarios de la localidad.<\/p>\n\n\n\n<p>Durante la jornada, vecinos y vecinas se acercaron al hospital para realizar su donaci\u00f3n voluntaria, segura y gratuita, en un gesto solidario que refuerza la importancia de la donaci\u00f3n de sangre.<\/p>\n\n\n\n<p>La directora del hospital, la doctora Vanessa Riveros, expres\u00f3 su profundo agradecimiento a los participantes y destac\u00f3 la realizaci\u00f3n de la colecta con la conmemoraci\u00f3n del D\u00eda Nacional del Donante Voluntario de Sangre, que se celebrar\u00e1 el pr\u00f3ximo domingo 9 de noviembre.<\/p>\n\n\n\n<p>\u201cDesde el hospital queremos agradecer y dar un reconocimiento a cada persona que decidi\u00f3 concurrir a donar. Tambi\u00e9n al equipo del Centro Provincial de Hemoterapia por el acompa\u00f1amiento t\u00e9cnico, log\u00edstico y todo el despliegue efectuado\u201d, se\u00f1al\u00f3 Riveros.<\/p>\n\n\n\n<p>\u201cDonar sangre es donar vida\u201d, remarc\u00f3, se\u00f1alando \u201cque la convocatoria fue todo un \u00e9xito, por ser la primera vez, gracias al compromiso de los distintos sectores y actores de la comunidad, incluidos, los medios locales\u201d.<\/p>\n\n\n\n<figure class=\"wp-block-image\"><a href=\"https:\/\/agenfor.com.ar\/wp-content\/uploads\/2025\/11\/primera-colecta-de-sangre-hospital-Belgrano-14.jpeg\"><img decoding=\"async\" src=\"https:\/\/agenfor.com.ar\/wp-content\/uploads\/2025\/11\/primera-colecta-de-sangre-hospital-Belgrano-14-768x1024.jpeg\" alt=\"\" class=\"wp-image-249863\"\/><\/a><\/figure>\n\n\n\n<p>De igual modo, la responsable del hospital agradeci\u00f3 especialmente la colaboraci\u00f3n de los familiares de dos pacientes que actualmente se encuentran internados en el Hospital Interdistrital Evita, quienes \u201cparticiparon activamente del operativo, no solo pensando en sus seres queridos que necesitan transfusiones de sangre, sino tambi\u00e9n en todas aquellas personas que podr\u00edan requerir este elemento vital para mejorar su salud o salvar su vida\u201d.<\/p>\n\n\n\n<p>Riveros tambi\u00e9n valor\u00f3 la importancia del n\u00famero de donantes alcanzado en esta primera experiencia, y destac\u00f3 que \u201cesas 34 unidades recolectadas deben multiplicarse, ya que con cada sachet de sangre se puede ayudar a entre tres y cuatro pacientes, una vez que se separan los componentes sangu\u00edneos\u201d.<\/p>\n\n\n\n<p>Adem\u00e1s, hizo notar, la participaci\u00f3n de los alumnos de la EPES N\u00b0 17 \u201cJos\u00e9 Manuel Estrada\u201d, quienes trabajan actualmente sobre la tem\u00e1tica de la donaci\u00f3n de sangre \u201cy fueron invitados a presenciar el circuito completo de extracci\u00f3n, para que puedan presenciar y conocer de cerca c\u00f3mo se desarrolla el procedimiento y fomentar la conciencia solidaria de la donaci\u00f3n entre los estudiantes y en toda la comunidad educativa\u201d.<\/p>\n\n\n\n<figure class=\"wp-block-image\"><a href=\"https:\/\/agenfor.com.ar\/wp-content\/uploads\/2025\/11\/primera-colecta-de-sangre-hospital-Belgrano-15-1.jpeg\"><img decoding=\"async\" src=\"https:\/\/agenfor.com.ar\/wp-content\/uploads\/2025\/11\/primera-colecta-de-sangre-hospital-Belgrano-15-1-749x1024.jpeg\" alt=\"\" class=\"wp-image-249859\"\/><\/a><\/figure>\n\n\n\n<p>Para finalizar, la directora reiter\u00f3 su agradecimiento al personal de salud del hospital, \u201cque una vez m\u00e1s demostr\u00f3 el compromiso que tiene con la comunidad\u201d, y al equipo del Centro Provincial de Hemoterapia, que se traslad\u00f3 hasta la localidad \u201cpara brindarnos su apoyo y compartir sus conocimientos, haciendo posible este nuevo logro tan importante para el sistema de salud provincial\u201d.<\/p>\n\n\n\n<p>Asimismo, agradeci\u00f3, una vez m\u00e1s, al gobernador de la provincia, Gildo Insfr\u00e1n, \u201cpor poner a disposici\u00f3n todos los recursos necesarios, humanos y tecnol\u00f3gicos, para garantizar una salud p\u00fablica, gratuita y de calidad, en todo el territorio provincial\u201d, y al ministro de Desarrollo Humano, el doctor An\u00edbal G\u00f3mez, \u201cpor su acompa\u00f1amiento permanente y por apoyar cada iniciativa que fortalece la red sanitaria p\u00fablica provincial\u201d.<\/p>\n","protected":false},"excerpt":{"rendered":"<p>Una jornada trascendente para la localidad y para la salud p\u00fablica provincial, que cont\u00f3 con<\/p>\n","protected":false},"author":8,"featured_media":69920,"comment_status":"closed","ping_status":"closed","sticky":false,"template":"","format":"standard","meta":{"footnotes":""},"categories":[1],"tags":[],"class_list":["post-69919","post","type-post","status-publish","format-standard","has-post-thumbnail","hentry","category-noticias"],"_links":{"self":[{"href":"https:\/\/24formosa.com.ar\/index.php?rest_route=\/wp\/v2\/posts\/69919","targetHints":{"allow":["GET"]}}],"collection":[{"href":"https:\/\/24formosa.com.ar\/index.php?rest_route=\/wp\/v2\/posts"}],"about":[{"href":"https:\/\/24formosa.com.ar\/index.php?rest_route=\/wp\/v2\/types\/post"}],"author":[{"embeddable":true,"href":"https:\/\/24formosa.com.ar\/index.php?rest_route=\/wp\/v2\/users\/8"}],"replies":[{"embeddable":true,"href":"https:\/\/24formosa.com.ar\/index.php?rest_route=%2Fwp%2Fv2%2Fcomments&post=69919"}],"version-history":[{"count":1,"href":"https:\/\/24formosa.com.ar\/index.php?rest_route=\/wp\/v2\/posts\/69919\/revisions"}],"predecessor-version":[{"id":69921,"href":"https:\/\/24formosa.com.ar\/index.php?rest_route=\/wp\/v2\/posts\/69919\/revisions\/69921"}],"wp:featuredmedia":[{"embeddable":true,"href":"https:\/\/24formosa.com.ar\/index.php?rest_route=\/wp\/v2\/media\/69920"}],"wp:attachment":[{"href":"https:\/\/24formosa.com.ar\/index.php?rest_route=%2Fwp%2Fv2%2Fmedia&parent=69919"}],"wp:term":[{"taxonomy":"category","embeddable":true,"href":"https:\/\/24formosa.com.ar\/index.php?rest_route=%2Fwp%2Fv2%2Fcategories&post=69919"},{"taxonomy":"post_tag","embeddable":true,"href":"https:\/\/24formosa.com.ar\/index.php?rest_route=%2Fwp%2Fv2%2Ftags&post=69919"}],"curies":[{"name":"wp","href":"https:\/\/api.w.org\/{rel}","templated":true}]}}