{"id":69916,"date":"2025-11-05T23:37:38","date_gmt":"2025-11-06T02:37:38","guid":{"rendered":"https:\/\/24formosa.com.ar\/?p=69916"},"modified":"2025-11-05T23:37:38","modified_gmt":"2025-11-06T02:37:38","slug":"el-gobierno-de-formosa-sigue-promoviendo-la-educacion-sexual-integral-en-los-escolares","status":"publish","type":"post","link":"https:\/\/24formosa.com.ar\/?p=69916","title":{"rendered":"El Gobierno de Formosa sigue promoviendo la educaci\u00f3n sexual integral en los escolares"},"content":{"rendered":"\n<p><em>Ni\u00f1as y ni\u00f1os de la EPEP N\u00b0 333 \u201cRep\u00fablica Oriental del Uruguay\u201d participaron de un taller organizado por el centro de salud Villa del Carmen.<\/em><\/p>\n\n\n\n<p>Con el objetivo de brindar herramientas para el cuidado de la salud sexual en la infancia y adolescencia, un equipo del centro de salud del barrio Villa del Carmen llev\u00f3 adelante una charla-taller para los alumnos que asisten a 6\u00b0, de ambos turnos, de la EPEP N\u00b0 333 \u201cRep\u00fablica Oriental del Uruguay\u201d.<\/p>\n\n\n\n<p>La misma tuvo lugar el martes 4 de noviembre, a cargo de profesionales de las \u00e1reas de Obstetricia, Psicolog\u00eda y Trabajo Social del efector que, de forma conjunta, articularon los distintos temas, enfocados principalmente en la prevenci\u00f3n y el aporte de informaci\u00f3n clara y adecuada para la edad de los participantes.<\/p>\n\n\n\n<p>Denominada \u201cConociendo mi Cuerpo\u201d en la charla se abordaron \u201clos cambios que aparecen durante la pubertad, tanto f\u00edsicos como ps\u00edquicos\u201d, coment\u00f3 la licenciada en obstetricia, Anah\u00ed Pegoraro, una de las referentes de la actividad.<\/p>\n\n\n\n<figure class=\"wp-block-image\"><a href=\"https:\/\/agenfor.com.ar\/wp-content\/uploads\/2025\/11\/Taller-educacion-sexual-EPEP-333-Villa-del-Carmen-2.jpeg\"><img decoding=\"async\" src=\"https:\/\/agenfor.com.ar\/wp-content\/uploads\/2025\/11\/Taller-educacion-sexual-EPEP-333-Villa-del-Carmen-2-1024x768.jpeg\" alt=\"\" class=\"wp-image-249774\"\/><\/a><\/figure>\n\n\n\n<p>Respecto a eso, explicaron cu\u00e1les son los caracteres secundarios que se presentan tanto en el var\u00f3n como en la mujer \u201cpor ejemplo, la aparici\u00f3n de la menstruaci\u00f3n; aumento de tama\u00f1o en las mamas y en el pene; la aparici\u00f3n del vello p\u00fabico, el vello facial y en distintas partes del cuerpo; cambios en la voz\u201d, detall\u00f3 la licenciada, entre otros.<\/p>\n\n\n\n<p>Hablaron tambi\u00e9n del aparato reproductor femenino y masculino \u201cse describi\u00f3 cu\u00e1les son los \u00f3rganos que lo constituyen y la funci\u00f3n que tiene cada uno\u201d.<\/p>\n\n\n\n<p>Asimismo, desde el \u00e1rea de psicolog\u00eda, fueron planteados los cambios emocionales que pueden presentarse en esa etapa de la vida, a ra\u00edz de los cambios f\u00edsicos y de otros diferentes factores.<\/p>\n\n\n\n<p>Recordaron que en la adolescencia se dan muchos cambios de humor, de pensamiento, de emociones, de sentimientos y de gustos; remarcando que es un momento en el cual \u201ces fundamental\u201d comunicarse y dialogar con los padres, la familia y las personas de confianza.<\/p>\n\n\n\n<p>Por otro lado, hicieron hincapi\u00e9 en la importancia de cuidar el cuerpo, a trav\u00e9s de h\u00e1bitos saludables que deben realizarse diariamente, como la alimentaci\u00f3n sana, la pr\u00e1ctica de actividad f\u00edsica y asistir a los controles m\u00e9dicos en el centro de salud o el hospital m\u00e1s cercano, de manera peri\u00f3dica.<\/p>\n\n\n\n<p>Pegoraro indic\u00f3 que el encuentro es una m\u00e1s de las actividades que se llevan a cabo de forma interinstitucional, en este caso, entre dos instituciones relevantes del barrio Villa del Carmen, el centro de salud y la escuela primaria \u201cpara fortalecer el cuidado de la salud de las ni\u00f1as y los ni\u00f1os\u201d, educando e informando, no solo para fomentar el cuidado de la salud sexual y reproductiva, sino tambi\u00e9n, puntualizando sobre otros aspectos que hacen a la salud integral.<\/p>\n\n\n\n<p>Finalmente, agradeci\u00f3 el acompa\u00f1amiento, apoyo y colaboraci\u00f3n de los directivos y del plantel docente del establecimiento educativo, destacando, que el trabajo conjunto, es el que permite obtener los mejores resultados en favor de las infancias y adolescencias.<\/p>\n","protected":false},"excerpt":{"rendered":"<p>Ni\u00f1as y ni\u00f1os de la EPEP N\u00b0 333 \u201cRep\u00fablica Oriental del Uruguay\u201d participaron de un<\/p>\n","protected":false},"author":8,"featured_media":69917,"comment_status":"closed","ping_status":"closed","sticky":false,"template":"","format":"standard","meta":{"footnotes":""},"categories":[1],"tags":[],"class_list":["post-69916","post","type-post","status-publish","format-standard","has-post-thumbnail","hentry","category-noticias"],"_links":{"self":[{"href":"https:\/\/24formosa.com.ar\/index.php?rest_route=\/wp\/v2\/posts\/69916","targetHints":{"allow":["GET"]}}],"collection":[{"href":"https:\/\/24formosa.com.ar\/index.php?rest_route=\/wp\/v2\/posts"}],"about":[{"href":"https:\/\/24formosa.com.ar\/index.php?rest_route=\/wp\/v2\/types\/post"}],"author":[{"embeddable":true,"href":"https:\/\/24formosa.com.ar\/index.php?rest_route=\/wp\/v2\/users\/8"}],"replies":[{"embeddable":true,"href":"https:\/\/24formosa.com.ar\/index.php?rest_route=%2Fwp%2Fv2%2Fcomments&post=69916"}],"version-history":[{"count":1,"href":"https:\/\/24formosa.com.ar\/index.php?rest_route=\/wp\/v2\/posts\/69916\/revisions"}],"predecessor-version":[{"id":69918,"href":"https:\/\/24formosa.com.ar\/index.php?rest_route=\/wp\/v2\/posts\/69916\/revisions\/69918"}],"wp:featuredmedia":[{"embeddable":true,"href":"https:\/\/24formosa.com.ar\/index.php?rest_route=\/wp\/v2\/media\/69917"}],"wp:attachment":[{"href":"https:\/\/24formosa.com.ar\/index.php?rest_route=%2Fwp%2Fv2%2Fmedia&parent=69916"}],"wp:term":[{"taxonomy":"category","embeddable":true,"href":"https:\/\/24formosa.com.ar\/index.php?rest_route=%2Fwp%2Fv2%2Fcategories&post=69916"},{"taxonomy":"post_tag","embeddable":true,"href":"https:\/\/24formosa.com.ar\/index.php?rest_route=%2Fwp%2Fv2%2Ftags&post=69916"}],"curies":[{"name":"wp","href":"https:\/\/api.w.org\/{rel}","templated":true}]}}