{"id":69910,"date":"2025-11-05T23:13:41","date_gmt":"2025-11-06T02:13:41","guid":{"rendered":"https:\/\/24formosa.com.ar\/?p=69910"},"modified":"2025-11-05T23:13:41","modified_gmt":"2025-11-06T02:13:41","slug":"esta-en-marcha-la-agenda-turistica-de-noviembre-con-el-60-festival-provincial-del-folklore-como-evento-destacado","status":"publish","type":"post","link":"https:\/\/24formosa.com.ar\/?p=69910","title":{"rendered":"Est\u00e1 en marcha la agenda tur\u00edstica de noviembre, con el 60\u00b0 Festival Provincial del Folklore como evento destacado"},"content":{"rendered":"\n<p><em>El Ministerio de Turismo del Gobierno provincial difundi\u00f3 la agenda del mes de noviembre, invitando a participar de la gran variedad de actividades que se realizar\u00e1n en las diferentes localidades de la provincia.<\/em><\/p>\n\n\n\n<p>En ese marco, el pr\u00f3ximo viernes 7, en el Galp\u00f3n \u201cG\u201d del Paseo Costanero capitalino se llevar\u00e1 a cabo la 2\u00b0 Expo Provincial de Formaci\u00f3n y Trabajo del Modelo Formose\u00f1o y el 2\u00b0 Festival Art\u00edstico.<\/p>\n\n\n\n<p>Seg\u00fan se inform\u00f3 desde el Ministerio de Cultura y Educaci\u00f3n al lanzar el evento d\u00edas pasados, en una jornada completa, los estudiantes de Educaci\u00f3n Especial, integrados en distintos niveles y modalidades y acompa\u00f1ados por docentes y familias, presentar\u00e1n sus trabajos.<\/p>\n\n\n\n<p>Asimismo, en la localidad de Clorinda, este viernes 7 y el s\u00e1bado 8, tendr\u00e1 lugar el Pre Cosqu\u00edn 2026. Ser\u00e1 en el Polideportivo Municipal, donde habr\u00e1 espect\u00e1culos musicales con reconocidos artistas.<\/p>\n\n\n\n<p>A su vez, en El Colorado, el domingo 9 se realizar\u00e1 la Fiesta de la Tradici\u00f3n, en el Campo de Doma y Jineteada \u201cLuis Gonz\u00e1lez\u201d, en instalaciones del Camping Municipal de la localidad, que contar\u00e1 con actuaciones de reconocidos artistas como L\u00e1zaro Caballero, Iv\u00e1n Ruiz, \u201cPiko\u201d Frank, \u201cGuitarreros\u201d, entre otros.<\/p>\n\n\n\n<p>En el caso de Estanislao del Campo, para conmemorar su 111\u00b0 aniversario fundacional, en el Complejo del Ferrocarril, con entrada libre y gratuita, har\u00e1 el Festival de la Jineteada, con m\u00e1s de 30 jinetes y 10 tropillas, as\u00ed como espect\u00e1culos musicales en vivo, bingo y feria gastron\u00f3mica, artesanal, de moda y estilo. &nbsp;<\/p>\n\n\n\n<p><strong>El folklore despunta en Piran\u00e9<\/strong><\/p>\n\n\n\n<p>Adem\u00e1s, la localidad de Piran\u00e9 volver\u00e1 a brillar con el folklore que la caracteriza. Primero, con la 46\u00b0 edici\u00f3n del Pre Cosqu\u00edn, que se desarrollar\u00e1 el jueves 20 y el viernes 21, y despu\u00e9s con el 60\u00b0 Festival Provincial del Folklore, el cual tendr\u00e1 lugar en el Centro de Cultura y Deportes el s\u00e1bado 22 y el domingo 23.<\/p>\n\n\n\n<figure class=\"wp-block-image\"><a href=\"https:\/\/agenfor.com.ar\/wp-content\/uploads\/2025\/11\/Edicion-anterior-del-Festival-en-Pirane-3.jpg\"><img decoding=\"async\" src=\"https:\/\/agenfor.com.ar\/wp-content\/uploads\/2025\/11\/Edicion-anterior-del-Festival-en-Pirane-3-1024x683.jpg\" alt=\"\" class=\"wp-image-249801\"\/><\/a><\/figure>\n\n\n\n<p>De esta manera, historia, m\u00fasica y tradici\u00f3n se volver\u00e1n a unir en un evento \u00fanico con los mejores artistas piranenses y m\u00fasicos de trayectoria nacional.<\/p>\n\n\n\n<p>Para el s\u00e1bado est\u00e1n programadas las actuaciones de \u00c1ngelo Aranda, \u201cLas 4 Cuerdas\u201d, Rodrigo Vera y artistas locales, mientras que para el domingo, har\u00e1n lo propio \u201cAlma Chaque\u00f1a\u201d, \u201cPiko\u201d Frank, \u201cLos Irund\u00ed\u201d, entre otros.<\/p>\n\n\n\n<p><strong>Reuni\u00f3n organizativa<\/strong><\/p>\n\n\n\n<p>Cabe se\u00f1alar que en dicha ciudad avanzan los preparativos, ya que \u201cla cuenta regresiva ha comenzado para nuestro tradicional y esperado Festival Provincial de Folklore\u201d, subray\u00f3 la intendenta local Y\u00e9ssica Palacios, seg\u00fan recab\u00f3 AGENFOR.<\/p>\n\n\n\n<p>En ese sentido, indic\u00f3 que \u201cvivimos una jornada muy productiva, reuni\u00e9ndonos con las diferentes pe\u00f1as y escuelas de danzas de nuestra ciudad\u201d, destacando que \u201cfue un encuentro fundamental para escucharlos, ultimar detalles y coordinar la participaci\u00f3n de estos talentosos artistas\u201d.<\/p>\n\n\n\n<figure class=\"wp-block-image\"><a href=\"https:\/\/agenfor.com.ar\/wp-content\/uploads\/2025\/11\/Reunion-organizativa-2.jpg\"><img decoding=\"async\" src=\"https:\/\/agenfor.com.ar\/wp-content\/uploads\/2025\/11\/Reunion-organizativa-2-1024x768.jpg\" alt=\"\" class=\"wp-image-249805\"\/><\/a><\/figure>\n\n\n\n<p>\u201cSe viene la edici\u00f3n N\u00b0 60 de nuestro Festival, una celebraci\u00f3n hist\u00f3rica que promete ser inolvidable \u2013vaticin\u00f3-. Estamos trabajando para que sea una verdadera fiesta de la tradici\u00f3n, la danza y la m\u00fasica\u201d.<\/p>\n","protected":false},"excerpt":{"rendered":"<p>El Ministerio de Turismo del Gobierno provincial difundi\u00f3 la agenda del mes de noviembre, invitando<\/p>\n","protected":false},"author":8,"featured_media":69911,"comment_status":"closed","ping_status":"closed","sticky":false,"template":"","format":"standard","meta":{"footnotes":""},"categories":[1],"tags":[],"class_list":["post-69910","post","type-post","status-publish","format-standard","has-post-thumbnail","hentry","category-noticias"],"_links":{"self":[{"href":"https:\/\/24formosa.com.ar\/index.php?rest_route=\/wp\/v2\/posts\/69910","targetHints":{"allow":["GET"]}}],"collection":[{"href":"https:\/\/24formosa.com.ar\/index.php?rest_route=\/wp\/v2\/posts"}],"about":[{"href":"https:\/\/24formosa.com.ar\/index.php?rest_route=\/wp\/v2\/types\/post"}],"author":[{"embeddable":true,"href":"https:\/\/24formosa.com.ar\/index.php?rest_route=\/wp\/v2\/users\/8"}],"replies":[{"embeddable":true,"href":"https:\/\/24formosa.com.ar\/index.php?rest_route=%2Fwp%2Fv2%2Fcomments&post=69910"}],"version-history":[{"count":1,"href":"https:\/\/24formosa.com.ar\/index.php?rest_route=\/wp\/v2\/posts\/69910\/revisions"}],"predecessor-version":[{"id":69912,"href":"https:\/\/24formosa.com.ar\/index.php?rest_route=\/wp\/v2\/posts\/69910\/revisions\/69912"}],"wp:featuredmedia":[{"embeddable":true,"href":"https:\/\/24formosa.com.ar\/index.php?rest_route=\/wp\/v2\/media\/69911"}],"wp:attachment":[{"href":"https:\/\/24formosa.com.ar\/index.php?rest_route=%2Fwp%2Fv2%2Fmedia&parent=69910"}],"wp:term":[{"taxonomy":"category","embeddable":true,"href":"https:\/\/24formosa.com.ar\/index.php?rest_route=%2Fwp%2Fv2%2Fcategories&post=69910"},{"taxonomy":"post_tag","embeddable":true,"href":"https:\/\/24formosa.com.ar\/index.php?rest_route=%2Fwp%2Fv2%2Ftags&post=69910"}],"curies":[{"name":"wp","href":"https:\/\/api.w.org\/{rel}","templated":true}]}}