{"id":69893,"date":"2025-11-04T22:39:12","date_gmt":"2025-11-05T01:39:12","guid":{"rendered":"https:\/\/24formosa.com.ar\/?p=69893"},"modified":"2025-11-04T22:39:12","modified_gmt":"2025-11-05T01:39:12","slug":"el-concejo-deliberante-capitalino-rebautizo-como-virgen-del-carmen-a-un-barrio-de-la-ciudad","status":"publish","type":"post","link":"https:\/\/24formosa.com.ar\/?p=69893","title":{"rendered":"El Concejo Deliberante capitalino rebautiz\u00f3 como Virgen del Carmen a un barrio de la ciudad"},"content":{"rendered":"\n<p><em>En la sesi\u00f3n de la semana pasada, el Honorable Concejo Deliberante de Formosa aprob\u00f3 el proyecto de ordenanza, impulsado por el bloque justicialista, que renombra al conglomerado conocido como Villa del Carmen por Virgen del Carmen junto al cambio de denominaci\u00f3n de otras 50 calles que conforman ese ejido urbano de la ciudad capital.<\/em><\/p>\n\n\n\n<p>En ese marco, la concejal y vicepresidenta 1\u00b0 del Honorable Concejo Deliberante de la ciudad de Formosa, Mar\u00eda del Carmen Arga\u00f1araz, explic\u00f3 que, si bien fue una iniciativa de su bloque, fue impulsado, tambi\u00e9n, por vecinos y vecinas del barrio con el fin de reforzar el sentido de identidad y pertenencia de una comunidad que crece, se organiza y elige c\u00f3mo nombrarse.<\/p>\n\n\n\n<p>\u201cEstamos muy contentos, reci\u00e9n recibimos la visita de los nietos, por ejemplo, de Yola Yoli, que es una de las artistas formose\u00f1as que han sido reconocidas, cuyo nombre llevar\u00e1 una de las calles del barrio\u201d, indic\u00f3.<\/p>\n\n\n\n<p>Asimismo, record\u00f3 que, por pedido de los vecinos, en la Comisi\u00f3n de Legislaci\u00f3n del 2023, el exedil Hugo Garc\u00eda \u201cya lo hab\u00eda tra\u00eddo\u201d, por lo que, en esta oportunidad, \u201cretomamos este expediente\u201d y \u201ccon el acompa\u00f1amiento de todos los y las concejales del bloque, pudimos hacerlo\u201d.<\/p>\n\n\n\n<figure class=\"wp-block-image\"><a href=\"https:\/\/agenfor.com.ar\/wp-content\/uploads\/2025\/11\/renombre-barrio-virgen-del-carmen_HCD-2-1.jpeg\"><img decoding=\"async\" src=\"https:\/\/agenfor.com.ar\/wp-content\/uploads\/2025\/11\/renombre-barrio-virgen-del-carmen_HCD-2-1-1024x502.jpeg\" alt=\"\" class=\"wp-image-249673\"\/><\/a><\/figure>\n\n\n\n<p>Respecto a la denominaci\u00f3n de las calles, Arga\u00f1araz indic\u00f3 que se trata de \u201cpersonajes ilustres\u201d de la ciudad y otras \u201cllevan los nombres del uso cotidiano ya que ten\u00edan en ese sector de la ciudad\u201d.<\/p>\n\n\n\n<p>\u201cO hay fechas que son hist\u00f3ricas que son muy importantes para nosotros, los formose\u00f1os y las formose\u00f1as; y hay un sector de las calles que va a llevar el nombre de aves aut\u00f3ctonas\u201d, se\u00f1al\u00f3.<\/p>\n\n\n\n<p>Para ello, el reconocido fot\u00f3grafo Ram\u00f3n Maldonado particip\u00f3 de la Comisi\u00f3n de Legislaci\u00f3n explicando la importancia de estos animales para la provincia y \u201cnos pareci\u00f3 propicio ponerle nombre de aves a algunas calles en este sector que est\u00e1 tan en contacto con la naturaleza\u201d.<\/p>\n\n\n\n<p>\u201cY que lleve el nombre de nuestra Virgen del Carmen, que es patrona de los formose\u00f1os y las formose\u00f1as, tambi\u00e9n tiene que ver con un sentimiento profundo de fe, pero tambi\u00e9n de la historia de nuestra ciudad\u201d, a\u00f1adi\u00f3.<\/p>\n\n\n\n<p>Al finalizar, la concejal record\u00f3, como antecedente, el cambio de nombre del ejido Villa del Rosario por Virgen del Rosario y, ratific\u00f3, \u201cel nombre de 50 calles, ni m\u00e1s ni menos, que van a reflejar el nombre de personajes ilustres reconocidos en nuestra provincia, tanto de la pol\u00edtica como de la educaci\u00f3n, de la salud, de la cultura; fechas hist\u00f3ricas y de nombres de aves aut\u00f3ctonas\u201d.<\/p>\n","protected":false},"excerpt":{"rendered":"<p>En la sesi\u00f3n de la semana pasada, el Honorable Concejo Deliberante de Formosa aprob\u00f3 el<\/p>\n","protected":false},"author":8,"featured_media":69894,"comment_status":"closed","ping_status":"closed","sticky":false,"template":"","format":"standard","meta":{"footnotes":""},"categories":[1],"tags":[],"class_list":["post-69893","post","type-post","status-publish","format-standard","has-post-thumbnail","hentry","category-noticias"],"_links":{"self":[{"href":"https:\/\/24formosa.com.ar\/index.php?rest_route=\/wp\/v2\/posts\/69893","targetHints":{"allow":["GET"]}}],"collection":[{"href":"https:\/\/24formosa.com.ar\/index.php?rest_route=\/wp\/v2\/posts"}],"about":[{"href":"https:\/\/24formosa.com.ar\/index.php?rest_route=\/wp\/v2\/types\/post"}],"author":[{"embeddable":true,"href":"https:\/\/24formosa.com.ar\/index.php?rest_route=\/wp\/v2\/users\/8"}],"replies":[{"embeddable":true,"href":"https:\/\/24formosa.com.ar\/index.php?rest_route=%2Fwp%2Fv2%2Fcomments&post=69893"}],"version-history":[{"count":1,"href":"https:\/\/24formosa.com.ar\/index.php?rest_route=\/wp\/v2\/posts\/69893\/revisions"}],"predecessor-version":[{"id":69895,"href":"https:\/\/24formosa.com.ar\/index.php?rest_route=\/wp\/v2\/posts\/69893\/revisions\/69895"}],"wp:featuredmedia":[{"embeddable":true,"href":"https:\/\/24formosa.com.ar\/index.php?rest_route=\/wp\/v2\/media\/69894"}],"wp:attachment":[{"href":"https:\/\/24formosa.com.ar\/index.php?rest_route=%2Fwp%2Fv2%2Fmedia&parent=69893"}],"wp:term":[{"taxonomy":"category","embeddable":true,"href":"https:\/\/24formosa.com.ar\/index.php?rest_route=%2Fwp%2Fv2%2Fcategories&post=69893"},{"taxonomy":"post_tag","embeddable":true,"href":"https:\/\/24formosa.com.ar\/index.php?rest_route=%2Fwp%2Fv2%2Ftags&post=69893"}],"curies":[{"name":"wp","href":"https:\/\/api.w.org\/{rel}","templated":true}]}}