{"id":69846,"date":"2025-10-31T23:35:20","date_gmt":"2025-11-01T02:35:20","guid":{"rendered":"https:\/\/24formosa.com.ar\/?p=69846"},"modified":"2025-10-31T23:35:21","modified_gmt":"2025-11-01T02:35:21","slug":"jornada-de-concientizacion-y-capacitacion-sobre-la-flora-y-la-fauna-silvestre-en-cambio-zalazar","status":"publish","type":"post","link":"https:\/\/24formosa.com.ar\/?p=69846","title":{"rendered":"Jornada de concientizaci\u00f3n y capacitaci\u00f3n sobre la flora y la fauna silvestre en Cambio Zalazar"},"content":{"rendered":"\n<p><em>Se llev\u00f3 a cabo una jornada de concientizaci\u00f3n sobre fauna y flora silvestres en la EPEP N\u00b0 146 \u201cCornelio Saavedra\u201d de Posta Cambio Zalazar organizada por la Subsecretar\u00eda de Recursos Naturales, Ordenamiento y Calidad Ambiental con la Direcci\u00f3n de Registro, Control y Fiscalizaci\u00f3n, ambas pertenecientes al Ministerio de la Producci\u00f3n y Ambiente, junto al personal del serpentario del Regimiento de Infanter\u00eda de Monte 29.<\/em><\/p>\n\n\n\n<p>Se desarroll\u00f3 en dos etapas: en el horario de la ma\u00f1ana y con la participaci\u00f3n de los alumnos de la EPEP N\u00b0 146 y la EPES N\u00b0 39 se brind\u00f3 informaci\u00f3n de relevancia sobre la fauna y flora presentes en la provincia de Formosa con \u00e9nfasis en el Ba\u00f1ado La Estrella, haciendo hincapi\u00e9 sobre los Monumentos Naturales de la provincia y en especial al yaguaret\u00e9 por ser una especie paragua, en peligro cr\u00edtico de extinci\u00f3n e indicador del ambiente.<\/p>\n\n\n\n<figure class=\"wp-block-image\"><a href=\"https:\/\/agenfor.com.ar\/wp-content\/uploads\/2025\/10\/jornada-produccion_zalazar-1.jpeg\"><img decoding=\"async\" src=\"https:\/\/agenfor.com.ar\/wp-content\/uploads\/2025\/10\/jornada-produccion_zalazar-1-1024x576.jpeg\" alt=\"\" class=\"wp-image-249345\"\/><\/a><\/figure>\n\n\n\n<p>En el horario de la tarde, la actividad estuvo destinada a los agentes de las fuerzas de seguridad como ser la Polic\u00eda de Seguridad Vial de la provincia, la Unidad Especial de Asuntos Rurales (UEAR) y la Unidad Especial de Polic\u00eda Ecol\u00f3gica (UEPE), por ser los aliados para la conservaci\u00f3n.<\/p>\n\n\n\n<p>Entre los temas m\u00e1s destacados dentro de la capacitaci\u00f3n fueron el marco legal y sus aplicaciones con infracciones y sanciones a trav\u00e9s de actas aplicando las leyes de protecci\u00f3n, tr\u00e1fico de fauna, manejo de faunas silvestres, bienestar animal seguido de la parte pr\u00e1ctica de manejo de ofidios.<\/p>\n\n\n\n<p>Del mismo modo, el pasado 23 de octubre, se capacit\u00f3 a los agentes de UEPE y UEAR en la Capital. Este curso sobre el manejo de fauna silvestre se viene desarrollando desde el 2024, capacitando a m\u00e1s de 150 agentes de las diversas fuerzas como son Bomberos de la Polic\u00eda de la provincia, UEPE, UEAR, Prefectura Naval Argentina, Gendarmer\u00eda Nacional, Polic\u00eda Federal, Polic\u00eda de Seguridad Aeroportuaria y Juzgado Federal.<\/p>\n\n\n\n<figure class=\"wp-block-image\"><a href=\"https:\/\/agenfor.com.ar\/wp-content\/uploads\/2025\/10\/jornada-produccion_zalazar-5.jpeg\"><img decoding=\"async\" src=\"https:\/\/agenfor.com.ar\/wp-content\/uploads\/2025\/10\/jornada-produccion_zalazar-5-1024x473.jpeg\" alt=\"\" class=\"wp-image-249340\"\/><\/a><\/figure>\n\n\n\n<p>Cabe mencionar que la provincia de Formosa es conocida por su rica biodiversidad y belleza natural. Tanto la flora como la fauna de esta regi\u00f3n son \u00fanicas y diversas. Se destaca por su abundancia de especies de fauna mayor, adem\u00e1s de poseer una enorme superficie la cual podr\u00eda contener n\u00fameros significativos de ejemplares de las mismas, las que requieren de importantes extensiones con vegetaci\u00f3n sin alteraciones destacadas. A muchas de sus especies se las categoriza en listados nacionales o mundiales como especies en peligro de extinci\u00f3n<\/p>\n\n\n\n<p>La educaci\u00f3n y el compromiso comunitario son claves para conservar el patrimonio natural, asegurando de esta manera un futuro sostenible y armonioso con el ambiente, subrayaron desde el MPyA.<\/p>\n","protected":false},"excerpt":{"rendered":"<p>Se llev\u00f3 a cabo una jornada de concientizaci\u00f3n sobre fauna y flora silvestres en la<\/p>\n","protected":false},"author":8,"featured_media":69847,"comment_status":"closed","ping_status":"closed","sticky":false,"template":"","format":"standard","meta":{"footnotes":""},"categories":[1],"tags":[],"class_list":["post-69846","post","type-post","status-publish","format-standard","has-post-thumbnail","hentry","category-noticias"],"_links":{"self":[{"href":"https:\/\/24formosa.com.ar\/index.php?rest_route=\/wp\/v2\/posts\/69846","targetHints":{"allow":["GET"]}}],"collection":[{"href":"https:\/\/24formosa.com.ar\/index.php?rest_route=\/wp\/v2\/posts"}],"about":[{"href":"https:\/\/24formosa.com.ar\/index.php?rest_route=\/wp\/v2\/types\/post"}],"author":[{"embeddable":true,"href":"https:\/\/24formosa.com.ar\/index.php?rest_route=\/wp\/v2\/users\/8"}],"replies":[{"embeddable":true,"href":"https:\/\/24formosa.com.ar\/index.php?rest_route=%2Fwp%2Fv2%2Fcomments&post=69846"}],"version-history":[{"count":1,"href":"https:\/\/24formosa.com.ar\/index.php?rest_route=\/wp\/v2\/posts\/69846\/revisions"}],"predecessor-version":[{"id":69848,"href":"https:\/\/24formosa.com.ar\/index.php?rest_route=\/wp\/v2\/posts\/69846\/revisions\/69848"}],"wp:featuredmedia":[{"embeddable":true,"href":"https:\/\/24formosa.com.ar\/index.php?rest_route=\/wp\/v2\/media\/69847"}],"wp:attachment":[{"href":"https:\/\/24formosa.com.ar\/index.php?rest_route=%2Fwp%2Fv2%2Fmedia&parent=69846"}],"wp:term":[{"taxonomy":"category","embeddable":true,"href":"https:\/\/24formosa.com.ar\/index.php?rest_route=%2Fwp%2Fv2%2Fcategories&post=69846"},{"taxonomy":"post_tag","embeddable":true,"href":"https:\/\/24formosa.com.ar\/index.php?rest_route=%2Fwp%2Fv2%2Ftags&post=69846"}],"curies":[{"name":"wp","href":"https:\/\/api.w.org\/{rel}","templated":true}]}}