{"id":69581,"date":"2025-10-20T21:28:47","date_gmt":"2025-10-21T00:28:47","guid":{"rendered":"https:\/\/24formosa.com.ar\/?p=69581"},"modified":"2025-10-20T21:28:48","modified_gmt":"2025-10-21T00:28:48","slug":"fuerte-y-al-medio-caminata-de-candidatos-del-fdv-en-el-microcentro-capitalino","status":"publish","type":"post","link":"https:\/\/24formosa.com.ar\/?p=69581","title":{"rendered":"\u201cFuerte y al medio\u201d: Caminata de candidatos del FdV en el microcentro capitalino"},"content":{"rendered":"\n<p><em>En la tarde-noche de este domingo 19, finalizando el D\u00eda de la Madre, los candidatos a diputados nacionales del Frente de la Victoria (FdV) de Formosa llevaron adelante una caminata en el microcentro de la Capital, presentando adem\u00e1s al tr\u00edo de autores e int\u00e9rpretes del jingle de campa\u00f1a.<\/em><\/p>\n\n\n\n<p>La caminata se realiz\u00f3 desde el reloj hist\u00f3rico, ubicado en la tradicional esquina de la Avenida 25 de Mayo y la calle Rivadavia, hasta el M\u00e1stil Municipal, situado en la intersecci\u00f3n de dicha avenida y la calle San Mart\u00edn, reuniendo a militantes de diversas agrupaciones justicialistas.<\/p>\n\n\n\n<p>En ese marco, dialog\u00f3 con AGENFOR quien encabeza la lista del FdV, Graciela de la Rosa, que de cara a las elecciones nacionales del pr\u00f3ximo 26 de octubre, indic\u00f3 que \u201ccomo fue el D\u00eda de la Madre, nos reunimos los que est\u00e1bamos en los gazebos de la 25 de Mayo y nos vinimos todos\u201d para la Peatonal, llevando a cabo la mencionada caminata a modo de \u201cregalo para las compa\u00f1eras que son mam\u00e1s\u201d.<\/p>\n\n\n\n<figure class=\"wp-block-image\"><a href=\"https:\/\/agenfor.com.ar\/wp-content\/uploads\/2025\/10\/Caminata-de-los-candidatos-del-FdV-3.jpeg\"><img decoding=\"async\" src=\"https:\/\/agenfor.com.ar\/wp-content\/uploads\/2025\/10\/Caminata-de-los-candidatos-del-FdV-3-1024x682.jpeg\" alt=\"\" class=\"wp-image-248090\"\/><\/a><\/figure>\n\n\n\n<p>\u201cNos congregamos en esta multitudinaria reuni\u00f3n, todas las agrupaciones, porque hay una unidad impresionante. Est\u00e1n trabajando a full porque como lo dijo nuestro conductor, el doctor Gildo Insfr\u00e1n, cuando el Peronismo est\u00e1 unido es invencible\u201d, subray\u00f3.<\/p>\n\n\n\n<p>Respecto del d\u00eda de los comicios, estim\u00f3 que \u201cvamos a tener el apoyo total del pueblo\u201d, ya que los formose\u00f1os \u201csaben qui\u00e9nes va a defender sus derechos y qui\u00e9nes no en la C\u00e1mara de Diputados de la Naci\u00f3n\u201d.<\/p>\n\n\n\n<p>Por su parte, el segundo candidato en la lista, Fabi\u00e1n C\u00e1ceres, se\u00f1al\u00f3 que este domingo fue \u201cun d\u00eda especial\u201d por celebrarse el D\u00eda de la Madre, de manera que \u201caprovechamos para juntarnos, compartir en familia y tambi\u00e9n con la militancia, recorriendo distintas calles de la ciudad\u201d.<\/p>\n\n\n\n<p>Puso de resalto que \u201clos candidatos del Frente de la Victoria somos bien recibidos por todos. Nosotros s\u00ed podemos caminar las calles, en todos los barrios, as\u00ed que quiero agradecerle al pueblo formose\u00f1o ese recibimiento que lo llevamos en el coraz\u00f3n\u201d.<\/p>\n\n\n\n<p>A su vez, coincidi\u00f3 con De la Rosa en que \u201cvamos a tener nuevamente un rotundo acompa\u00f1amiento de los formose\u00f1os el 26 de octubre y, tanto ella como yo, vamos a llegar a ocupar una banca en la C\u00e1mara de Diputados. Desde ah\u00ed vamos a defender los derechos y los intereses que hoy m\u00e1s que nunca hacen falta de todos los argentinos, pero especialmente de nuestro pueblo formose\u00f1o\u201d.<\/p>\n\n\n\n<figure class=\"wp-block-image\"><a href=\"https:\/\/agenfor.com.ar\/wp-content\/uploads\/2025\/10\/Caminata-de-los-candidatos-del-FdV-1.jpeg\"><img decoding=\"async\" src=\"https:\/\/agenfor.com.ar\/wp-content\/uploads\/2025\/10\/Caminata-de-los-candidatos-del-FdV-1-1024x682.jpeg\" alt=\"\" class=\"wp-image-248093\"\/><\/a><\/figure>\n\n\n\n<p>Finalmente, Daniel, uno de los autores e int\u00e9rpretes de la canci\u00f3n de campa\u00f1a del FdV, agradeci\u00f3 \u201cel apoyo tremendo\u201d que recibieron. \u201cDesde la m\u00fasica urbana nosotros aportamos nuestro granito con este jingle que es el oficial del Frente de la Victoria, con la explosi\u00f3n que tuvo y el impacto, as\u00ed que content\u00edsimos y con muchas ganas de seguir trabajando\u201d, remarc\u00f3.<\/p>\n\n\n\n<p>Asimismo, Nicol\u00e1s, otro de los autores, cont\u00f3 que la letra de \u201cFuerte y al medio\u201d est\u00e1 inspirada \u201cen la gente y en el Mundial de Qatar, cuando en el \u00faltimo penal (Lionel) Messi dijo \u2018fuerte y al medio\u2019\u201d.<\/p>\n\n\n\n<p>\u201cAcorde a eso fue. Aparte es una frase que el Gobernador la hizo propia. La idea fue hacer algo motivador para todos, as\u00ed que empezamos a ver c\u00f3mo pod\u00edamos hacer. Ten\u00eda que ser algo pegadizo, entonces, qued\u00f3 en algo cortito: fuerte y al medio\u201d, resumi\u00f3. &nbsp;<\/p>\n\n\n\n<p>Por \u00faltimo, Lucas agreg\u00f3: \u201cSiempre estamos unidos y representando a Formosa desde la parte del g\u00e9nero urbano. Y este domingo estuvimos presentes apoyando al gobernador Insfr\u00e1n, al vicegobernador Eber Sol\u00eds y al Partido Justicialista, fuerte y al medio\u201d, cerr\u00f3.<\/p>\n","protected":false},"excerpt":{"rendered":"<p>En la tarde-noche de este domingo 19, finalizando el D\u00eda de la Madre, los candidatos<\/p>\n","protected":false},"author":8,"featured_media":69582,"comment_status":"closed","ping_status":"closed","sticky":false,"template":"","format":"standard","meta":{"footnotes":""},"categories":[1],"tags":[],"class_list":["post-69581","post","type-post","status-publish","format-standard","has-post-thumbnail","hentry","category-noticias"],"_links":{"self":[{"href":"https:\/\/24formosa.com.ar\/index.php?rest_route=\/wp\/v2\/posts\/69581","targetHints":{"allow":["GET"]}}],"collection":[{"href":"https:\/\/24formosa.com.ar\/index.php?rest_route=\/wp\/v2\/posts"}],"about":[{"href":"https:\/\/24formosa.com.ar\/index.php?rest_route=\/wp\/v2\/types\/post"}],"author":[{"embeddable":true,"href":"https:\/\/24formosa.com.ar\/index.php?rest_route=\/wp\/v2\/users\/8"}],"replies":[{"embeddable":true,"href":"https:\/\/24formosa.com.ar\/index.php?rest_route=%2Fwp%2Fv2%2Fcomments&post=69581"}],"version-history":[{"count":1,"href":"https:\/\/24formosa.com.ar\/index.php?rest_route=\/wp\/v2\/posts\/69581\/revisions"}],"predecessor-version":[{"id":69583,"href":"https:\/\/24formosa.com.ar\/index.php?rest_route=\/wp\/v2\/posts\/69581\/revisions\/69583"}],"wp:featuredmedia":[{"embeddable":true,"href":"https:\/\/24formosa.com.ar\/index.php?rest_route=\/wp\/v2\/media\/69582"}],"wp:attachment":[{"href":"https:\/\/24formosa.com.ar\/index.php?rest_route=%2Fwp%2Fv2%2Fmedia&parent=69581"}],"wp:term":[{"taxonomy":"category","embeddable":true,"href":"https:\/\/24formosa.com.ar\/index.php?rest_route=%2Fwp%2Fv2%2Fcategories&post=69581"},{"taxonomy":"post_tag","embeddable":true,"href":"https:\/\/24formosa.com.ar\/index.php?rest_route=%2Fwp%2Fv2%2Ftags&post=69581"}],"curies":[{"name":"wp","href":"https:\/\/api.w.org\/{rel}","templated":true}]}}