{"id":69578,"date":"2025-10-20T21:26:55","date_gmt":"2025-10-21T00:26:55","guid":{"rendered":"https:\/\/24formosa.com.ar\/?p=69578"},"modified":"2025-10-20T21:26:55","modified_gmt":"2025-10-21T00:26:55","slug":"este-jueves-y-viernes-inicia-el-programa-de-fortalecimiento-comercial-360","status":"publish","type":"post","link":"https:\/\/24formosa.com.ar\/?p=69578","title":{"rendered":"Este jueves y viernes inicia el Programa de Fortalecimiento Comercial 360\u00b0"},"content":{"rendered":"\n<p><em>Una iniciativa gubernamental busca equipar a los comercios locales con herramientas de liderazgo y estrategias de venta omnicanal para enfrentar los nuevos desaf\u00edos del mercado.<\/em><\/p>\n\n\n\n<p>El Ministerio de Econom\u00eda, Hacienda y Finanzas de Formosa, a trav\u00e9s de la Subsecretar\u00eda de Desarrollo Econ\u00f3mico y la Direcci\u00f3n de Comercio y Desarrollo, anuncia el inicio del Programa de Fortalecimiento Comercial 360\u00b0, dise\u00f1ado para brindar herramientas clave a las empresas y comercios de la provincia.<\/p>\n\n\n\n<p>El evento consistir\u00e1 en dos jornadas de charlas-taller que se desarrollar\u00e1n los d\u00edas 23 y 24 de octubre, de 17 a 19 horas, en el Galp\u00f3n \u201cG\u201d del Paseo Costanero capitalino, y estar\u00e1 a cargo de la consultora en marketing estrat\u00e9gico, negocios y formaci\u00f3n Fernanda Cosentino y del psic\u00f3logo empresarial Renato Zecchini.<\/p>\n\n\n\n<p>Este programa nace con el objetivo de apoyar a los comercios formose\u00f1os en un contexto de transformaci\u00f3n digital y desaf\u00edos econ\u00f3micos, ofreciendo capacitaci\u00f3n en \u00e1reas cr\u00edticas para la competitividad y el crecimiento.<\/p>\n\n\n\n<p><strong>Cronograma de las jornadas<\/strong><\/p>\n\n\n\n<figure class=\"wp-block-image\"><a href=\"https:\/\/agenfor.com.ar\/wp-content\/uploads\/2025\/10\/Invitacion-del-Programa-de-Fortalecimiento-Comercial-360%C2%B0.jpg\"><img decoding=\"async\" src=\"https:\/\/agenfor.com.ar\/wp-content\/uploads\/2025\/10\/Invitacion-del-Programa-de-Fortalecimiento-Comercial-360%C2%B0-687x1024.jpg\" alt=\"\" class=\"wp-image-248128\"\/><\/a><\/figure>\n\n\n\n<p>Seg\u00fan se inform\u00f3, la jornada uno se denomina \u201cLiderazgo y visi\u00f3n comercial\u201d y se har\u00e1 el jueves 23 de octubre.<\/p>\n\n\n\n<p>Se trata de un espacio dedicado a reforzar que las ventas no dependen \u00fanicamente de los precios, sino de la motivaci\u00f3n del equipo y la claridad de las estrategias, abord\u00e1ndose conceptos de liderazgo comercial (c\u00f3mo inspirar y guiar a los equipos en tiempos de cambio) y atenci\u00f3n al cliente anal\u00f3gica y digital (t\u00e9cnicas para combinar la cercan\u00eda tradicional con las nuevas herramientas digitales).<\/p>\n\n\n\n<p>En tanto, la jornada dos se titula \u201cEl futuro ya est\u00e1 vendiendo\u201d, se&nbsp; realizar\u00e1 el viernes 24 de octubre y est\u00e1 orientada a la implementaci\u00f3n de estrategias de venta modernas e indispensables.<\/p>\n\n\n\n<p>En ese marco, se tratar\u00e1n aspectos relativos a las ventas online (c\u00f3mo crear una vidriera digital efectiva sin perder la identidad local) y omnicanalidad (integraci\u00f3n de los canales presencial, telef\u00f3nico, digital y emocional en una estrategia de venta unificada y coherente).<\/p>\n\n\n\n<p>\u201cEstas jornadas no son s\u00f3lo capacitaciones; son dos llaves para abrir nuevas puertas en el comercio formose\u00f1o. La primera es liderar con confianza, y la segunda, vender en todos los canales con inteligencia\u201d, destac\u00f3 el subsecretario de Desarrollo Econ\u00f3mico, Horacio Cosenza.<\/p>\n\n\n\n<p>En ese sentido, remarc\u00f3 que \u201cse trata de una nueva inversi\u00f3n estatal para apuntalar al sector privado\u201d y confirm\u00f3 que el Programa de Fortalecimiento Comercial 360\u00b0 continuar\u00e1 en los pr\u00f3ximos meses con nuevas instancias de formaci\u00f3n, entre otras herramientas, reafirmando el compromiso del Gobierno de Formosa de potenciar el desarrollo y el crecimiento de las pymes locales.<\/p>\n\n\n\n<p>La inscripci\u00f3n es gratuita, a trav\u00e9s del siguiente enlace:&nbsp;<a href=\"https:\/\/bit.ly\/PFC360\">https:\/\/bit.ly\/PFC360<\/a>, y para m\u00e1s informaci\u00f3n pueden dirigirse a la Direcci\u00f3n de Comercio y Desarrollo, situada en Jos\u00e9 Mar\u00eda Uriburu 820 de la ciudad capital.<\/p>\n","protected":false},"excerpt":{"rendered":"<p>Una iniciativa gubernamental busca equipar a los comercios locales con herramientas de liderazgo y estrategias<\/p>\n","protected":false},"author":8,"featured_media":69579,"comment_status":"closed","ping_status":"closed","sticky":false,"template":"","format":"standard","meta":{"footnotes":""},"categories":[1],"tags":[],"class_list":["post-69578","post","type-post","status-publish","format-standard","has-post-thumbnail","hentry","category-noticias"],"_links":{"self":[{"href":"https:\/\/24formosa.com.ar\/index.php?rest_route=\/wp\/v2\/posts\/69578","targetHints":{"allow":["GET"]}}],"collection":[{"href":"https:\/\/24formosa.com.ar\/index.php?rest_route=\/wp\/v2\/posts"}],"about":[{"href":"https:\/\/24formosa.com.ar\/index.php?rest_route=\/wp\/v2\/types\/post"}],"author":[{"embeddable":true,"href":"https:\/\/24formosa.com.ar\/index.php?rest_route=\/wp\/v2\/users\/8"}],"replies":[{"embeddable":true,"href":"https:\/\/24formosa.com.ar\/index.php?rest_route=%2Fwp%2Fv2%2Fcomments&post=69578"}],"version-history":[{"count":1,"href":"https:\/\/24formosa.com.ar\/index.php?rest_route=\/wp\/v2\/posts\/69578\/revisions"}],"predecessor-version":[{"id":69580,"href":"https:\/\/24formosa.com.ar\/index.php?rest_route=\/wp\/v2\/posts\/69578\/revisions\/69580"}],"wp:featuredmedia":[{"embeddable":true,"href":"https:\/\/24formosa.com.ar\/index.php?rest_route=\/wp\/v2\/media\/69579"}],"wp:attachment":[{"href":"https:\/\/24formosa.com.ar\/index.php?rest_route=%2Fwp%2Fv2%2Fmedia&parent=69578"}],"wp:term":[{"taxonomy":"category","embeddable":true,"href":"https:\/\/24formosa.com.ar\/index.php?rest_route=%2Fwp%2Fv2%2Fcategories&post=69578"},{"taxonomy":"post_tag","embeddable":true,"href":"https:\/\/24formosa.com.ar\/index.php?rest_route=%2Fwp%2Fv2%2Ftags&post=69578"}],"curies":[{"name":"wp","href":"https:\/\/api.w.org\/{rel}","templated":true}]}}