{"id":69575,"date":"2025-10-20T21:24:49","date_gmt":"2025-10-21T00:24:49","guid":{"rendered":"https:\/\/24formosa.com.ar\/?p=69575"},"modified":"2025-10-20T21:24:50","modified_gmt":"2025-10-21T00:24:50","slug":"con-buenas-ventas-el-mercado-comunitario-de-emprendedores-celebro-el-dia-de-la-madre","status":"publish","type":"post","link":"https:\/\/24formosa.com.ar\/?p=69575","title":{"rendered":"Con buenas ventas el Mercado Comunitario de Emprendedores celebr\u00f3 el D\u00eda de la Madre"},"content":{"rendered":"\n<p>El Mercado Comunitario de Emprendedores realiz\u00f3 una edici\u00f3n especial de ventas en las instalaciones del Galp\u00f3n \u201cG\u201d con motivo de los festejos por el D\u00eda de la Madre. Esta jornada tambi\u00e9n se replic\u00f3 en la localidad de Las Lomitas, de manera simult\u00e1nea.<\/p>\n\n\n\n<p>El subsecretario de Empleo, Rodrigo Sandoval, se hizo presente en la feria de Capital y al dialogar con&nbsp;<strong><em>AGENFOR<\/em><\/strong>, destac\u00f3 el esfuerzo de los participantes. \u201cEstuvimos en el Galp\u00f3n G y tambi\u00e9n en Las Lomitas de manera simult\u00e1nea, con la feria por el D\u00eda de la Madre\u201d, expresando que \u201cestamos contentos porque hubo afluencia de gente\u201d.<\/p>\n\n\n\n<p>Sandoval resalt\u00f3 que la realizaci\u00f3n de la feria durante la tarde del s\u00e1bado 18 fue a solicitud de los propios comerciantes, comentando que \u201cfue algo a pedido del emprendedor y por eso cumplimos con ellos\u201d.<\/p>\n\n\n\n<p>Adem\u00e1s, puso en valor la preparaci\u00f3n constante de quienes exponen y sobre todo, hizo hincapi\u00e9 en que \u201cse trata de un espacio m\u00e1s de comercializaci\u00f3n y de buena atenci\u00f3n\u201d, marcando que \u201cnosotros buscamos que el emprendedor est\u00e9 bien atendido y tenga su lugar armado, porque de eso se trata tambi\u00e9n la presencia del Estado\u201d.<\/p>\n\n\n\n<p>En ese sentido, el funcionario diferenci\u00f3 que \u201cno es dar todo\u201d, afirmando que \u201cese no es nuestro concepto, sino que es poner las condiciones necesarias y la otra parte la pone el emprendedor, que es el privado\u201d.<\/p>\n\n\n\n<p>De esta manera, el Subsecretario record\u00f3 que este apoyo se extiende a emprendedores de diferentes puntos de la provincia, mencionando a \u201cLas Lomitas, Piran\u00e9, Laguna Blanca, Herradura y la Capital\u201d.<\/p>\n\n\n\n<figure class=\"wp-block-image\"><a href=\"https:\/\/agenfor.com.ar\/wp-content\/uploads\/2025\/10\/WhatsApp-Image-2025-10-20-at-5.52.22-PM-2.jpeg\"><img decoding=\"async\" src=\"https:\/\/agenfor.com.ar\/wp-content\/uploads\/2025\/10\/WhatsApp-Image-2025-10-20-at-5.52.22-PM-2-776x1024.jpeg\" alt=\"\" class=\"wp-image-248146\"\/><\/a><\/figure>\n\n\n\n<p><strong>Econom\u00eda local, empleo y lucha contra la recesi\u00f3n<\/strong><\/p>\n\n\n\n<p>Asimismo, Sandoval tambi\u00e9n se refiri\u00f3 a la actualidad econ\u00f3mica y el rol de las pol\u00edticas provinciales, remarcando que en Formosa \u201cse trabaja con el privado mutuamente y cada uno entiende los roles y las funciones que tienen\u201d.<\/p>\n\n\n\n<p>A su vez, destac\u00f3 la labor de la Casa del Emprendedor, un espacio para quienes buscan una nueva oportunidad laboral y coment\u00f3 que \u201cse acerca gente que a lo mejor perdi\u00f3 el trabajo y estamos en una econom\u00eda muy dif\u00edcil, a nivel nacional\u201d.<\/p>\n\n\n\n<p>Sin embargo, remarc\u00f3 que \u201cen Formosa el empleo est\u00e1 indicando muy buenos n\u00fameros, en los \u00faltimos meses de abril y mayo, hubo un crecimiento del empleo registrado por la construcci\u00f3n y el sector privado\u201d, a\u00f1adiendo que \u201ctambi\u00e9n tuvimos la tasa m\u00e1s baja de desempleo en la regi\u00f3n NEA y a nivel pa\u00eds\u201d.<\/p>\n\n\n\n<p>Atribuy\u00f3 estos resultados a la obra p\u00fablica que \u201cse pudo mantener gracias que el Gobierno de Formosa la continu\u00f3\u201d e hizo posible la creaci\u00f3n de \u201c768 puestos de trabajo\u201d.<\/p>\n\n\n\n<p>Finalmente, resalt\u00f3 que la articulaci\u00f3n entre organismos provinciales como la Subsecretar\u00eda de Desarrollo Econ\u00f3mico, de Empleo y de Econom\u00eda Social, \u201cpermite que se estimule la econom\u00eda y el consumo y obviamente permite que haya producci\u00f3n y por lo tanto, empleo\u201d.<\/p>\n\n\n\n<p>Y marc\u00f3 que \u201cnosotros intentamos luchar contra la recesi\u00f3n que agredemente se ha creado a nivel nacional para poder combatir la inflaci\u00f3n\u201d.<\/p>\n","protected":false},"excerpt":{"rendered":"<p>El Mercado Comunitario de Emprendedores realiz\u00f3 una edici\u00f3n especial de ventas en las instalaciones del<\/p>\n","protected":false},"author":8,"featured_media":69576,"comment_status":"closed","ping_status":"closed","sticky":false,"template":"","format":"standard","meta":{"footnotes":""},"categories":[1],"tags":[],"class_list":["post-69575","post","type-post","status-publish","format-standard","has-post-thumbnail","hentry","category-noticias"],"_links":{"self":[{"href":"https:\/\/24formosa.com.ar\/index.php?rest_route=\/wp\/v2\/posts\/69575","targetHints":{"allow":["GET"]}}],"collection":[{"href":"https:\/\/24formosa.com.ar\/index.php?rest_route=\/wp\/v2\/posts"}],"about":[{"href":"https:\/\/24formosa.com.ar\/index.php?rest_route=\/wp\/v2\/types\/post"}],"author":[{"embeddable":true,"href":"https:\/\/24formosa.com.ar\/index.php?rest_route=\/wp\/v2\/users\/8"}],"replies":[{"embeddable":true,"href":"https:\/\/24formosa.com.ar\/index.php?rest_route=%2Fwp%2Fv2%2Fcomments&post=69575"}],"version-history":[{"count":1,"href":"https:\/\/24formosa.com.ar\/index.php?rest_route=\/wp\/v2\/posts\/69575\/revisions"}],"predecessor-version":[{"id":69577,"href":"https:\/\/24formosa.com.ar\/index.php?rest_route=\/wp\/v2\/posts\/69575\/revisions\/69577"}],"wp:featuredmedia":[{"embeddable":true,"href":"https:\/\/24formosa.com.ar\/index.php?rest_route=\/wp\/v2\/media\/69576"}],"wp:attachment":[{"href":"https:\/\/24formosa.com.ar\/index.php?rest_route=%2Fwp%2Fv2%2Fmedia&parent=69575"}],"wp:term":[{"taxonomy":"category","embeddable":true,"href":"https:\/\/24formosa.com.ar\/index.php?rest_route=%2Fwp%2Fv2%2Fcategories&post=69575"},{"taxonomy":"post_tag","embeddable":true,"href":"https:\/\/24formosa.com.ar\/index.php?rest_route=%2Fwp%2Fv2%2Ftags&post=69575"}],"curies":[{"name":"wp","href":"https:\/\/api.w.org\/{rel}","templated":true}]}}