{"id":69568,"date":"2025-10-20T21:20:43","date_gmt":"2025-10-21T00:20:43","guid":{"rendered":"https:\/\/24formosa.com.ar\/?p=69568"},"modified":"2025-10-20T21:20:44","modified_gmt":"2025-10-21T00:20:44","slug":"exitosa-cuarta-sesion-de-cuando-el-rio-suena-cantos-trae","status":"publish","type":"post","link":"https:\/\/24formosa.com.ar\/?p=69568","title":{"rendered":"Exitosa cuarta sesi\u00f3n de \u201cCuando el r\u00edo suena, cantos trae\u201d"},"content":{"rendered":"\n<p><em>En la noche del s\u00e1bado 18, en el Galp\u00f3n \u201cC\u201d del Paseo Costanero de la ciudad de Formosa, se llev\u00f3 a cabo una nueva sesi\u00f3n del programa \u201cCuando el r\u00edo suena, cantos trae\u201d.<\/em><\/p>\n\n\n\n<p>Este espacio, organizado por el Gobierno de Formosa a trav\u00e9s de la Subsecretar\u00eda de Cultura del Ministerio de Cultura y Educaci\u00f3n, tiene como fin promocionar a \u201cartistas j\u00f3venes que deseen cantarle a Formosa\u201d, concretando as\u00ed la cuarta edici\u00f3n desde su creaci\u00f3n.<\/p>\n\n\n\n<p>Para Graciela Marechal, directora de Acci\u00f3n Cultural, a cargo de la Subsecretar\u00eda de Cultura, manifest\u00f3 a la Agencia de Noticias Formosa (AGENFOR) que esta propuesta \u201crepresenta un orgullo\u201d, ya que a trav\u00e9s de ella se da a conocer a los artistas que cantan y escriben poes\u00edas para Formosa.<\/p>\n\n\n\n<figure class=\"wp-block-image\"><a href=\"https:\/\/agenfor.com.ar\/wp-content\/uploads\/2025\/10\/Cuando-el-rio-suena-cantos-trae-3.jpg\"><img decoding=\"async\" src=\"https:\/\/agenfor.com.ar\/wp-content\/uploads\/2025\/10\/Cuando-el-rio-suena-cantos-trae-3-1024x682.jpg\" alt=\"\" class=\"wp-image-248136\"\/><\/a><\/figure>\n\n\n\n<p>\u201cSe la podr\u00eda llamar como un escenario que est\u00e1 preparado para difundir distintos talentos, sin restricciones de edad, con la \u00fanica condici\u00f3n de que quieran mostrar sus aptitudes\u201d, a\u00f1adi\u00f3 en su explicaci\u00f3n.<\/p>\n\n\n\n<p>Repas\u00f3 que en esta oportunidad estuvieron Camila Godoy, Domingo Maza Gir\u00f3n y \u201cLa L\u00ednea\u201d, que \u201chicieron vibrar al p\u00fablico presente en el Galp\u00f3n \u2018C\u2019 con pura m\u00fasica y emoci\u00f3n\u201d.<\/p>\n\n\n\n<p>\u201cLa entrada es libre y gratuita\u201d, aclar\u00f3 y record\u00f3 que los artistas interesados en participar deben inscribirse.<\/p>\n\n\n\n<p>La funcionaria cultural destac\u00f3 la convocatoria de esta nueva sesi\u00f3n, tanto del p\u00fablico como de los talentos, ya que el dinamismo y la empat\u00eda de ambos en cada encuentro es lo que marca su \u00e9xito.<\/p>\n\n\n\n<p>\u201cComo siempre, la Subsecretar\u00eda de Cultura contin\u00faa trabajando en la promoci\u00f3n de la m\u00fasica, de las artes pl\u00e1sticas en las galer\u00edas y del talento de cada artista formose\u00f1o\u201d, cerr\u00f3 Marechal.<\/p>\n\n\n\n<figure class=\"wp-block-image\"><a href=\"https:\/\/agenfor.com.ar\/wp-content\/uploads\/2025\/10\/Cuando-el-rio-suena-cantos-trae-1.jpg\"><img decoding=\"async\" src=\"https:\/\/agenfor.com.ar\/wp-content\/uploads\/2025\/10\/Cuando-el-rio-suena-cantos-trae-1-1024x812.jpg\" alt=\"\" class=\"wp-image-248135\"\/><\/a><\/figure>\n","protected":false},"excerpt":{"rendered":"<p>En la noche del s\u00e1bado 18, en el Galp\u00f3n \u201cC\u201d del Paseo Costanero de la<\/p>\n","protected":false},"author":8,"featured_media":69570,"comment_status":"closed","ping_status":"closed","sticky":false,"template":"","format":"standard","meta":{"footnotes":""},"categories":[1],"tags":[],"class_list":["post-69568","post","type-post","status-publish","format-standard","has-post-thumbnail","hentry","category-noticias"],"_links":{"self":[{"href":"https:\/\/24formosa.com.ar\/index.php?rest_route=\/wp\/v2\/posts\/69568","targetHints":{"allow":["GET"]}}],"collection":[{"href":"https:\/\/24formosa.com.ar\/index.php?rest_route=\/wp\/v2\/posts"}],"about":[{"href":"https:\/\/24formosa.com.ar\/index.php?rest_route=\/wp\/v2\/types\/post"}],"author":[{"embeddable":true,"href":"https:\/\/24formosa.com.ar\/index.php?rest_route=\/wp\/v2\/users\/8"}],"replies":[{"embeddable":true,"href":"https:\/\/24formosa.com.ar\/index.php?rest_route=%2Fwp%2Fv2%2Fcomments&post=69568"}],"version-history":[{"count":1,"href":"https:\/\/24formosa.com.ar\/index.php?rest_route=\/wp\/v2\/posts\/69568\/revisions"}],"predecessor-version":[{"id":69571,"href":"https:\/\/24formosa.com.ar\/index.php?rest_route=\/wp\/v2\/posts\/69568\/revisions\/69571"}],"wp:featuredmedia":[{"embeddable":true,"href":"https:\/\/24formosa.com.ar\/index.php?rest_route=\/wp\/v2\/media\/69570"}],"wp:attachment":[{"href":"https:\/\/24formosa.com.ar\/index.php?rest_route=%2Fwp%2Fv2%2Fmedia&parent=69568"}],"wp:term":[{"taxonomy":"category","embeddable":true,"href":"https:\/\/24formosa.com.ar\/index.php?rest_route=%2Fwp%2Fv2%2Fcategories&post=69568"},{"taxonomy":"post_tag","embeddable":true,"href":"https:\/\/24formosa.com.ar\/index.php?rest_route=%2Fwp%2Fv2%2Ftags&post=69568"}],"curies":[{"name":"wp","href":"https:\/\/api.w.org\/{rel}","templated":true}]}}