{"id":69558,"date":"2025-10-17T22:23:34","date_gmt":"2025-10-18T01:23:34","guid":{"rendered":"https:\/\/24formosa.com.ar\/?p=69558"},"modified":"2025-10-17T22:23:35","modified_gmt":"2025-10-18T01:23:35","slug":"insfran-evoco-el-dia-de-la-lealtad-peronista","status":"publish","type":"post","link":"https:\/\/24formosa.com.ar\/?p=69558","title":{"rendered":"Insfr\u00e1n evoc\u00f3 el D\u00eda de la Lealtad Peronista"},"content":{"rendered":"\n<p><em>Este viernes 17 de octubre, con motivo de conmemorarse el 80\u00b0 aniversario de aquella gesta hist\u00f3rica que transform\u00f3 la vida pol\u00edtica del pa\u00eds, el gobernador de Formosa y presidente del Partido Justicialista Distrito Formosa, Gildo Insfr\u00e1n, celebr\u00f3 esta fecha trascendental.<\/em><\/p>\n\n\n\n<p>\u201cHoy celebramos uno de los hitos m\u00e1s importantes de nuestra historia: la uni\u00f3n indestructible entre el pueblo y Juan Domingo Per\u00f3n, dando inicio al movimiento que cambi\u00f3 para siempre el destino de la Argentina\u201d, sostuvo.<\/p>\n\n\n\n<p>Asimismo, record\u00f3 que aquel 17 de octubre de 1945 \u201cel pueblo sali\u00f3 a las calles a defender a su conductor\u201d.<\/p>\n\n\n\n<p>Y consider\u00f3 que esa lealtad \u201csigue viva en cada lucha por la justicia social, la igualdad de oportunidades y la dignidad del pueblo argentino\u201d.<\/p>\n","protected":false},"excerpt":{"rendered":"<p>Este viernes 17 de octubre, con motivo de conmemorarse el 80\u00b0 aniversario de aquella gesta<\/p>\n","protected":false},"author":8,"featured_media":69559,"comment_status":"closed","ping_status":"closed","sticky":false,"template":"","format":"standard","meta":{"footnotes":""},"categories":[1],"tags":[],"class_list":["post-69558","post","type-post","status-publish","format-standard","has-post-thumbnail","hentry","category-noticias"],"_links":{"self":[{"href":"https:\/\/24formosa.com.ar\/index.php?rest_route=\/wp\/v2\/posts\/69558","targetHints":{"allow":["GET"]}}],"collection":[{"href":"https:\/\/24formosa.com.ar\/index.php?rest_route=\/wp\/v2\/posts"}],"about":[{"href":"https:\/\/24formosa.com.ar\/index.php?rest_route=\/wp\/v2\/types\/post"}],"author":[{"embeddable":true,"href":"https:\/\/24formosa.com.ar\/index.php?rest_route=\/wp\/v2\/users\/8"}],"replies":[{"embeddable":true,"href":"https:\/\/24formosa.com.ar\/index.php?rest_route=%2Fwp%2Fv2%2Fcomments&post=69558"}],"version-history":[{"count":1,"href":"https:\/\/24formosa.com.ar\/index.php?rest_route=\/wp\/v2\/posts\/69558\/revisions"}],"predecessor-version":[{"id":69560,"href":"https:\/\/24formosa.com.ar\/index.php?rest_route=\/wp\/v2\/posts\/69558\/revisions\/69560"}],"wp:featuredmedia":[{"embeddable":true,"href":"https:\/\/24formosa.com.ar\/index.php?rest_route=\/wp\/v2\/media\/69559"}],"wp:attachment":[{"href":"https:\/\/24formosa.com.ar\/index.php?rest_route=%2Fwp%2Fv2%2Fmedia&parent=69558"}],"wp:term":[{"taxonomy":"category","embeddable":true,"href":"https:\/\/24formosa.com.ar\/index.php?rest_route=%2Fwp%2Fv2%2Fcategories&post=69558"},{"taxonomy":"post_tag","embeddable":true,"href":"https:\/\/24formosa.com.ar\/index.php?rest_route=%2Fwp%2Fv2%2Ftags&post=69558"}],"curies":[{"name":"wp","href":"https:\/\/api.w.org\/{rel}","templated":true}]}}