{"id":69549,"date":"2025-10-17T22:16:13","date_gmt":"2025-10-18T01:16:13","guid":{"rendered":"https:\/\/24formosa.com.ar\/?p=69549"},"modified":"2025-10-17T22:16:13","modified_gmt":"2025-10-18T01:16:13","slug":"multitudinario-acto-por-el-dia-de-la-lealtad-peronista-en-formosa","status":"publish","type":"post","link":"https:\/\/24formosa.com.ar\/?p=69549","title":{"rendered":"Multitudinario acto por el D\u00eda de la Lealtad Peronista en Formosa"},"content":{"rendered":"\n<p>Un imponente y multitudinario acto por el D\u00eda de la Lealtad Peronista, organizado por el Partido Justicialista Distrito Formosa, junto a la militancia y los dirigentes de ese espacio, tuvo lugar en el Estadio Cincuentenario de la ciudad de Formosa, con motivo de evocar el 80\u00b0 aniversario de aquella gesta hist\u00f3rica que transform\u00f3 la vida pol\u00edtica del pa\u00eds, un 17 de octubre de 1945.<\/p>\n\n\n\n<p>Durante la tarde de este viernes 17 fueron llegando las delegaciones a la Capital desde todas partes de la provincia, por lo que las instalaciones del Cincuentenario estuvieron colmadas, incluso en las afueras, super\u00e1ndose los m\u00e1s de 15 mil asistentes para escuchar las palabras del presidente del PJ Formosa, Gildo Insfr\u00e1n, quien fue el \u00fanico orador del acto.<\/p>\n\n\n\n<p>Previamente, el primer mandatario formose\u00f1o hab\u00eda publicado un mensaje en sus redes sociales para evocar la significativa fecha, acentuando que ese d\u00eda se plasm\u00f3 \u201cla uni\u00f3n indestructible entre el pueblo y Juan Domingo Per\u00f3n, dando inicio al movimiento que cambi\u00f3 para siempre el destino de la Argentina\u201d.<\/p>\n\n\n\n<figure class=\"wp-block-image\"><a href=\"https:\/\/agenfor.com.ar\/wp-content\/uploads\/2025\/10\/5157140122380733532.jpg\"><img decoding=\"async\" src=\"https:\/\/agenfor.com.ar\/wp-content\/uploads\/2025\/10\/5157140122380733532-1024x682.jpg\" alt=\"\" class=\"wp-image-247926\"\/><\/a><\/figure>\n\n\n\n<p>En el inicio del acto se convoc\u00f3 a subir al escenario a los candidatos a diputados nacionales por el Frente de la Victoria (FdV) en las elecciones del domingo 26 de octubre, Graciela de la Rosa, Fabi\u00e1n C\u00e1ceres, Mirta Retamozo y Camilo Orrabalis.<\/p>\n\n\n\n<p>De la Rosa, ante la consulta period\u00edstica, reflexion\u00f3 que \u201cel Peronismo en Formosa sigue vivo, donde lo mejor que tenemos es este Modelo Formose\u00f1o que tiene que ver con la doctrina justicialista, con un claro conductor que es el doctor Insfr\u00e1n, el mejor alumno de Per\u00f3n\u201d.<\/p>\n\n\n\n<figure class=\"wp-block-image\"><a href=\"https:\/\/agenfor.com.ar\/wp-content\/uploads\/2025\/10\/5157140122380733497.jpg\"><img decoding=\"async\" src=\"https:\/\/agenfor.com.ar\/wp-content\/uploads\/2025\/10\/5157140122380733497-1024x682.jpg\" alt=\"\" class=\"wp-image-247918\"\/><\/a><\/figure>\n\n\n\n<p>Y subray\u00f3 contundente que \u201cel Peronismo vive en cada una de las pol\u00edticas del Modelo Formose\u00f1o\u201d, a lo que Hugo Arr\u00faa, actual administrador general del Instituto de Pensiones Sociales (IPS), agreg\u00f3 en el mismo sentido: \u201cEste d\u00eda es el m\u00e1s emblem\u00e1tico que tenemos los peronistas, porque el 17 de octubre ha marcado una fecha \u00e9pica de la confirmaci\u00f3n del pueblo argentino hacia su l\u00edder y conductor\u201d.<\/p>\n\n\n\n<figure class=\"wp-block-image\"><a href=\"https:\/\/agenfor.com.ar\/wp-content\/uploads\/2025\/10\/5157140122380733541.jpg\"><img decoding=\"async\" src=\"https:\/\/agenfor.com.ar\/wp-content\/uploads\/2025\/10\/5157140122380733541-1024x682.jpg\" alt=\"\" class=\"wp-image-247929\"\/><\/a><\/figure>\n\n\n\n<p>Tambi\u00e9n, a la vez, \u201crepresenta la lealtad hacia la causa del movimiento y doctrina peronista\u201d, enfatiz\u00f3 y agreg\u00f3 que, sin lugar a dudas, Insfr\u00e1n y el modelo que \u00e9l conduce \u201cson el faro ideol\u00f3gico que ilumina al pa\u00eds desde el norte de la Patria\u201d.<\/p>\n\n\n\n<p>Por su parte, el diputado provincial justicialista Carlos Hugo Insfr\u00e1n manifest\u00f3, siguiendo esa misma l\u00ednea, que el Peronismo \u201cest\u00e1 m\u00e1s vigente que nunca porque la acci\u00f3n social viene de su mano, al haber brindado tantos derechos que hoy corren peligro de que se pierdan\u201d a manos del presidente de la Naci\u00f3n, Javier Milei.<\/p>\n\n\n\n<p>\u201cAdem\u00e1s, el Modelo Formose\u00f1o nos representa y tenemos un conductor \u2013enfatiz\u00f3-. Por eso, la militancia lo estuvo acompa\u00f1ando de esta forma. Es m\u00e1s, el pueblo en su conjunto acompa\u00f1a a este modelo de inclusi\u00f3n\u201d.<\/p>\n\n\n\n<p>A su turno, el ministro de Econom\u00eda, Jorge Ib\u00e1\u00f1ez, calific\u00f3 como \u201cuna fiesta\u201d al acto porque \u201cfue impresionante la cantidad de gente que fue a celebrar el D\u00eda de la Lealtad\u201d. Y puso en valor que \u201cel mensaje&nbsp; de Insfr\u00e1n ha sido muy claro para todos los formose\u00f1os de que tenemos que ir a votar el 26 de octubre y ponerle un l\u00edmite a este modelo de Milei\u201d.<\/p>\n\n\n\n<figure class=\"wp-block-image\"><a href=\"https:\/\/agenfor.com.ar\/wp-content\/uploads\/2025\/10\/5157140122380733468.jpg\"><img decoding=\"async\" src=\"https:\/\/agenfor.com.ar\/wp-content\/uploads\/2025\/10\/5157140122380733468-1024x682.jpg\" alt=\"\" class=\"wp-image-247910\"\/><\/a><\/figure>\n\n\n\n<p>Del mismo modo, la legisladora provincial Cristina Mirassou se mostr\u00f3 emocionada por la gran movilizaci\u00f3n que realiz\u00f3 la militancia \u201cen momento tan dif\u00edciles\u201d y \u201ccuando hay agoreros que dicen que el Peronismo ya fue, realmente nosotros, ac\u00e1 en Formosa, demostramos que el Modelo Formose\u00f1o lo ha mantenido totalmente vigente\u201d.<\/p>\n\n\n\n<p>A pesar del mal tiempo y la lluvia de esta jornada, \u201cuna multitud se hizo presente para aclamar a su conductor y a nuestros candidatos a diputados nacionales, renovando este compromiso que tenemos con este modelo de provincia\u201d, a\u00f1adi\u00f3, valorando nuevamente la convocatoria y la organizaci\u00f3n del acto en el Estadio Cincuentenario.<\/p>\n","protected":false},"excerpt":{"rendered":"<p>Un imponente y multitudinario acto por el D\u00eda de la Lealtad Peronista, organizado por el<\/p>\n","protected":false},"author":8,"featured_media":69550,"comment_status":"closed","ping_status":"closed","sticky":false,"template":"","format":"standard","meta":{"footnotes":""},"categories":[1],"tags":[],"class_list":["post-69549","post","type-post","status-publish","format-standard","has-post-thumbnail","hentry","category-noticias"],"_links":{"self":[{"href":"https:\/\/24formosa.com.ar\/index.php?rest_route=\/wp\/v2\/posts\/69549","targetHints":{"allow":["GET"]}}],"collection":[{"href":"https:\/\/24formosa.com.ar\/index.php?rest_route=\/wp\/v2\/posts"}],"about":[{"href":"https:\/\/24formosa.com.ar\/index.php?rest_route=\/wp\/v2\/types\/post"}],"author":[{"embeddable":true,"href":"https:\/\/24formosa.com.ar\/index.php?rest_route=\/wp\/v2\/users\/8"}],"replies":[{"embeddable":true,"href":"https:\/\/24formosa.com.ar\/index.php?rest_route=%2Fwp%2Fv2%2Fcomments&post=69549"}],"version-history":[{"count":1,"href":"https:\/\/24formosa.com.ar\/index.php?rest_route=\/wp\/v2\/posts\/69549\/revisions"}],"predecessor-version":[{"id":69551,"href":"https:\/\/24formosa.com.ar\/index.php?rest_route=\/wp\/v2\/posts\/69549\/revisions\/69551"}],"wp:featuredmedia":[{"embeddable":true,"href":"https:\/\/24formosa.com.ar\/index.php?rest_route=\/wp\/v2\/media\/69550"}],"wp:attachment":[{"href":"https:\/\/24formosa.com.ar\/index.php?rest_route=%2Fwp%2Fv2%2Fmedia&parent=69549"}],"wp:term":[{"taxonomy":"category","embeddable":true,"href":"https:\/\/24formosa.com.ar\/index.php?rest_route=%2Fwp%2Fv2%2Fcategories&post=69549"},{"taxonomy":"post_tag","embeddable":true,"href":"https:\/\/24formosa.com.ar\/index.php?rest_route=%2Fwp%2Fv2%2Ftags&post=69549"}],"curies":[{"name":"wp","href":"https:\/\/api.w.org\/{rel}","templated":true}]}}