{"id":69540,"date":"2025-10-17T22:03:58","date_gmt":"2025-10-18T01:03:58","guid":{"rendered":"https:\/\/24formosa.com.ar\/?p=69540"},"modified":"2025-10-17T22:03:58","modified_gmt":"2025-10-18T01:03:58","slug":"insfran-el-26-vamos-a-demostrar-que-en-formosa-hay-peronismo-y-lealtad","status":"publish","type":"post","link":"https:\/\/24formosa.com.ar\/?p=69540","title":{"rendered":"Insfr\u00e1n: \u201cEl 26 vamos a demostrar que en Formosa hay Peronismo y lealtad\u201d"},"content":{"rendered":"\n<p><em>El D\u00eda de la Lealtad Peronista se celebra el 17 de octubre de cada a\u00f1o en la Argentina, en conmemoraci\u00f3n a la hist\u00f3rica movilizaci\u00f3n masiva que se llev\u00f3 a cabo en la Plaza de Mayo, frente a la Casa Rosada, en 1945, para exigir la inmediata liberaci\u00f3n del coronel Juan Domingo Per\u00f3n.<\/em><\/p>\n\n\n\n<p>Este evento es considerado el momento fundacional del Peronismo, marcando su consolidaci\u00f3n como un movimiento pol\u00edtico y social de masas con un fuerte respaldo de la clase trabajadora.<\/p>\n\n\n\n<p>En este marco, en Formosa, el presidente del Partido Justicialista Distrito Formosa, Gildo Insfr\u00e1n, encabez\u00f3 el acto central para evocar un nuevo aniversario del nacimiento del Movimiento Nacional Justicialista y del v\u00ednculo de lealtad con el pueblo.<\/p>\n\n\n\n<p>Al tomar la palabra, en principio dese\u00f3 un \u201cfeliz D\u00eda de la Lealtad Peronista\u201d a los miles de dirigentes y militantes que lo rodeaban y se\u00f1al\u00f3 que \u201cestamos ac\u00e1 para recordar los 80 a\u00f1os de aquella gesta revolucionaria expresada por el subsuelo de la Patria sublevado \u2013como dir\u00eda don Ra\u00fal Scalabrini Ortiz-, que se hab\u00eda congregado en Plaza de Mayo pidiendo por la liberaci\u00f3n del coronel Juan Domingo Per\u00f3n\u201d.<\/p>\n\n\n\n<p>Puntualiz\u00f3 que \u201cfueron los obreros, es decir, las clases trabajadoras los que lograron esa gesta\u201d, a\u00f1adiendo que \u201ccuando vieron esa multitud frente a la Casa Rosada, el general (Edelmiro) Farrell, no tuvo otra salida que ir a pedirle a Per\u00f3n, que estaba en el Hospital Militar despu\u00e9s de su estad\u00eda en la Isla Mart\u00edn Garc\u00eda, que venga a resolver el problema\u201d.<\/p>\n\n\n\n<p>Repas\u00f3 este momento hist\u00f3rico, recordando que cuando Per\u00f3n sali\u00f3 a hablar a la multitud \u201cpidi\u00f3 que se cantara el Himno Nacional Argentino\u201d, y les dej\u00f3 un mensaje claro: \u201c\u00dananse, porque sobre la unidad de ustedes construiremos la Patria libre, justa y soberana\u201d.<\/p>\n\n\n\n<figure class=\"wp-block-image\"><a href=\"https:\/\/agenfor.com.ar\/wp-content\/uploads\/2025\/10\/photo_5159178217506671536_y.jpg\"><img decoding=\"async\" src=\"https:\/\/agenfor.com.ar\/wp-content\/uploads\/2025\/10\/photo_5159178217506671536_y-1024x682.jpg\" alt=\"\" class=\"wp-image-247943\"\/><\/a><\/figure>\n\n\n\n<p><strong>Defender la Patria<\/strong><\/p>\n\n\n\n<p>Sobre esto, Insfr\u00e1n consider\u00f3 que \u201choy m\u00e1s que nunca debemos recordarlo y hacer caso a lo que dec\u00eda \u00e9l (Per\u00f3n)\u201d, marcando que esto es fundamental porque \u201cal enemigo tenemos enfrente y hoy requerimos nuevamente sacar ese esp\u00edritu patriota de cada uno, porque la Patria est\u00e1 en peligro\u201d y citando al general Jos\u00e9 de San Mart\u00edn, sostuvo \u201ccuando la Patria est\u00e1 en peligro, todo est\u00e1 permitido, menos no defenderla\u201d.<\/p>\n\n\n\n<p>Asimismo, realiz\u00f3 un recorrido hist\u00f3rico de los pr\u00e9stamos y la pol\u00edtica argentina, comenzando por el primer empr\u00e9stito tomado por la Provincia de Buenos Aires a los ingleses en 1824 bajo la gesti\u00f3n de Bernardino Rivadavia, \u201cel cual se pag\u00f3 17 veces m\u00e1s y se sald\u00f3 reci\u00e9n en 1904\u201d y subray\u00f3 que \u201cas\u00ed se manejaba y se sigue manejando la oligarqu\u00eda de nuestro pa\u00eds\u201d.<\/p>\n\n\n\n<p>Luego, vincul\u00f3 esta \u00e9lite con la incomodidad hacia los Gobiernos populares, recordando el golpe de Estado de 1930 contra Hip\u00f3lito Yrigoyen, convalidado por la Corte Suprema, que deriv\u00f3 en la elecci\u00f3n fraudulenta de Agust\u00edn P. Justo y marc\u00f3 el inicio de la \u201cD\u00e9cada Infame\u201d, donde hubo \u201cotro pacto, el Pacto Roca-Runciman con los ingleses, que no fue gratis\u201d.<\/p>\n\n\n\n<p>Sin embargo, dej\u00f3 en claro que \u201cel 17 de octubre fue la contracara de la D\u00e9cada Infame, que fue hecha por la oligarqu\u00eda, pero el 17 de octubre, por la clase trabajadora, por lo m\u00e1s humilde de la Patria\u201d.<\/p>\n\n\n\n<p>Adem\u00e1s, se refiri\u00f3 al contexto actual argentino, manifestando que el actual presidente de la Naci\u00f3n, Javier Milei, \u201cse hace el le\u00f3n con los m\u00e1s d\u00e9biles, es decir los discapacitados, los jubilados, los hospitales p\u00fablicos importantes como el Garrahan y con las provincias argentinas\u201d; mientras se comporta como un \u201cperrito faldero\u201d con los poderosos, ejemplificado por su viaje a Estados Unidos para \u201cpedirle\u201d al presidente Donald Trump \u00f3rdenes de lo que debe hacer.<\/p>\n\n\n\n<p>Asimismo, indic\u00f3 que \u201cla reuni\u00f3n fue lamentable y calamitosa para la Argentina\u201d, destacando que \u201cel presidente de los Estados Unidos le orden\u00f3 que ten\u00eda que ganar las elecciones del 26 de octubre, para que ellos sigan apoyando a nuestro pa\u00eds\u201d. &nbsp;<\/p>\n\n\n\n<p>\u201cEs&nbsp; una manera asquerosa de intromisi\u00f3n en los asuntos internos\u201d del pa\u00eds, expuso y afirm\u00f3 que Milei \u201cquiere justificar lo injustificable, porque ni \u00e9l puede explicar a los periodistas amigos del sistema cu\u00e1les son las condiciones\u201d, marcando que \u201cla respuesta es que un acuerdo donde las dos partes ganan\u201d y eso \u201ces mentira. \u00bfQu\u00e9 van a ganar las dos partes?\u201d, asever\u00f3 firme. &nbsp;<\/p>\n\n\n\n<p>Y cuestion\u00f3: \u201c\u00bfPor qu\u00e9 el Estado no interviene en forma directa el mercado, como dicen?\u201d, explicando que \u201cest\u00e1n interviniendo a trav\u00e9s de particulares y con todo eso el d\u00f3lar y el riesgo del pa\u00eds sigue subiendo, los sueldos no alcanzan y el poder adquisitivo se perdi\u00f3 de todas las devaluaciones\u201d.<\/p>\n\n\n\n<p>\u201cTodo esto con alguien que dec\u00eda que era especialista en hacer crecer la econom\u00eda con plata o sin plata\u201d, dijo para referirse a Milei y su frase de campa\u00f1a, enfatizando que \u201cnos minti\u00f3 a todos y sigue tratando de mantenernos a todos en un estado de amnesia, con contradicciones\u201d.<\/p>\n\n\n\n<figure class=\"wp-block-image\"><a href=\"https:\/\/agenfor.com.ar\/wp-content\/uploads\/2025\/10\/photo_2025-10-17_20-34-00.jpg\"><img decoding=\"async\" src=\"https:\/\/agenfor.com.ar\/wp-content\/uploads\/2025\/10\/photo_2025-10-17_20-34-00-1024x682.jpg\" alt=\"\" class=\"wp-image-247939\"\/><\/a><\/figure>\n\n\n\n<p><strong>Lealtad del coraz\u00f3n<\/strong><\/p>\n\n\n\n<p>Al finalizar, Insfr\u00e1n remarc\u00f3 que \u201choy, como a 80 a\u00f1os, ya no se resuelve solo con llenar la Plaza de Mayo, sino que con una herramienta constitucional y democr\u00e1tica, que es el voto del 26 de octubre\u201d.<\/p>\n\n\n\n<p>En esta l\u00ednea, inst\u00f3 a \u201cresponder y no seguir aceptando semejante bajeza\u201d y mencion\u00f3 que \u201cla verdadera lealtad, como dec\u00eda el General Per\u00f3n, es la que nace del coraz\u00f3n\u201d, pero por otra parte \u201cest\u00e1 el que es leal porque todav\u00eda no le conviene ser desleal\u201d.<\/p>\n\n\n\n<p>Frente a esto, hizo hincapi\u00e9 en que \u201csomos inmensamente m\u00e1s los que tenemos la lealtad del coraz\u00f3n y por eso dentro de 10 d\u00edas, el 26, estaremos mostrando al pueblo argentino que en Formosa hay Peronismo y lealtad\u201d.<\/p>\n\n\n\n<p>Y para concluir, resalt\u00f3 que \u201ctenemos que votar con este nuevo sistema, que por primera vez se usa en la Rep\u00fablica Argentina, que es la Boleta \u00danica Papel, fuerte al medio y con el<a><\/a>&nbsp;coraz\u00f3n, a los candidatos del Modelo Formose\u00f1o que tienen la obligaci\u00f3n de ir a defender estos valores en el Congreso\u201d.&nbsp;<\/p>\n","protected":false},"excerpt":{"rendered":"<p>El D\u00eda de la Lealtad Peronista se celebra el 17 de octubre de cada a\u00f1o<\/p>\n","protected":false},"author":8,"featured_media":69542,"comment_status":"closed","ping_status":"closed","sticky":false,"template":"","format":"standard","meta":{"footnotes":""},"categories":[1],"tags":[],"class_list":["post-69540","post","type-post","status-publish","format-standard","has-post-thumbnail","hentry","category-noticias"],"_links":{"self":[{"href":"https:\/\/24formosa.com.ar\/index.php?rest_route=\/wp\/v2\/posts\/69540","targetHints":{"allow":["GET"]}}],"collection":[{"href":"https:\/\/24formosa.com.ar\/index.php?rest_route=\/wp\/v2\/posts"}],"about":[{"href":"https:\/\/24formosa.com.ar\/index.php?rest_route=\/wp\/v2\/types\/post"}],"author":[{"embeddable":true,"href":"https:\/\/24formosa.com.ar\/index.php?rest_route=\/wp\/v2\/users\/8"}],"replies":[{"embeddable":true,"href":"https:\/\/24formosa.com.ar\/index.php?rest_route=%2Fwp%2Fv2%2Fcomments&post=69540"}],"version-history":[{"count":1,"href":"https:\/\/24formosa.com.ar\/index.php?rest_route=\/wp\/v2\/posts\/69540\/revisions"}],"predecessor-version":[{"id":69543,"href":"https:\/\/24formosa.com.ar\/index.php?rest_route=\/wp\/v2\/posts\/69540\/revisions\/69543"}],"wp:featuredmedia":[{"embeddable":true,"href":"https:\/\/24formosa.com.ar\/index.php?rest_route=\/wp\/v2\/media\/69542"}],"wp:attachment":[{"href":"https:\/\/24formosa.com.ar\/index.php?rest_route=%2Fwp%2Fv2%2Fmedia&parent=69540"}],"wp:term":[{"taxonomy":"category","embeddable":true,"href":"https:\/\/24formosa.com.ar\/index.php?rest_route=%2Fwp%2Fv2%2Fcategories&post=69540"},{"taxonomy":"post_tag","embeddable":true,"href":"https:\/\/24formosa.com.ar\/index.php?rest_route=%2Fwp%2Fv2%2Ftags&post=69540"}],"curies":[{"name":"wp","href":"https:\/\/api.w.org\/{rel}","templated":true}]}}