{"id":69531,"date":"2025-10-16T23:24:21","date_gmt":"2025-10-17T02:24:21","guid":{"rendered":"https:\/\/24formosa.com.ar\/?p=69531"},"modified":"2025-10-16T23:24:22","modified_gmt":"2025-10-17T02:24:22","slug":"capacitan-a-proveedores-locales-a-traves-del-programa-capacidad-proveedora-pyme","status":"publish","type":"post","link":"https:\/\/24formosa.com.ar\/?p=69531","title":{"rendered":"Capacitan a proveedores locales a trav\u00e9s del Programa \u201cCapacidad Proveedora PyME\u201d"},"content":{"rendered":"\n<p>En el marco del ciclo de capacitaciones bajo el Programa \u201cCapacidad Proveedora PyME\u201d, este jueves 16 se dio apertura a una nueva propuesta, destinada a incrementar las capacidades de los proveedores locales con el fin de vincularlos con las empresas demandantes de bienes y servicios.<\/p>\n\n\n\n<p>Esta actividad, que comenz\u00f3 desde las 15 horas, fue en el sal\u00f3n de la Federaci\u00f3n Econ\u00f3mica de Formosa, ubicada en la calle Espa\u00f1a 466 de la ciudad capital, organizada por la Subsecretar\u00eda de Desarrollo Econ\u00f3mico y la Direcci\u00f3n de Industria, Hidrocarburos y Miner\u00eda, dependientes del Ministerio de Econom\u00eda, Hacienda y Finanzas del Gobierno de Formosa.&nbsp;<\/p>\n\n\n\n<p>En l\u00edneas generales, con esta actividad se pretende generar un espacio de v\u00ednculo entre proveedores locales y las empresas demandantes de bienes y servicios. Tambi\u00e9n incrementar las capacidades en ventas, el fortalecimiento empresarial y facilitar el acceso al cr\u00e9dito de los proveedores locales.<\/p>\n\n\n\n<p>En ese sentido, se debe mencionar que existen l\u00edneas vigentes del Consejo Federal de Inversiones (CFI) para las PyMEs industriales.<\/p>\n\n\n\n<p>Planificada con dos jornadas de capacitaci\u00f3n y con el ingeniero Leonardo Albornoz y el licenciado Gast\u00f3n Rojas Taboada como disertantes, en esta primera los temas abordados fueron ventas y comunicaci\u00f3n comercial. Mientras que la segunda se referir\u00e1 a fortalecimiento comercial y se llevar\u00e1 a cabo el mi\u00e9rcoles 22, a las 15 horas.&nbsp;<\/p>\n\n\n\n<figure class=\"wp-block-image\"><a href=\"https:\/\/agenfor.com.ar\/wp-content\/uploads\/2025\/10\/WhatsApp-Image-2025-10-16-at-3.27.53-PM-2.jpeg\"><img decoding=\"async\" src=\"https:\/\/agenfor.com.ar\/wp-content\/uploads\/2025\/10\/WhatsApp-Image-2025-10-16-at-3.27.53-PM-2-1024x768.jpeg\" alt=\"\" class=\"wp-image-247730\"\/><\/a><\/figure>\n\n\n\n<p><strong>Vinculaci\u00f3n<\/strong><\/p>\n\n\n\n<p>El contador Enrique Zan\u00edn, presidente de la FEF, particip\u00f3 de la actividad, valorando que se trata de una iniciativa que busca llegar a \u201ctodas las peque\u00f1as y medianas empresas de la provincia, sean ellas industriales, comerciales, que tengan ciertos servicios y el sector agropecuario\u201d.<\/p>\n\n\n\n<p>Buscando generar una vinculaci\u00f3n, \u201cse trabajar\u00e1 en forma conjunta para intercambiar o vender productos para bien de la econom\u00eda formose\u00f1a y l\u00f3gicamente de las empresas\u201d, marc\u00f3.<\/p>\n\n\n\n<p>Por otro lado, el disertante Albornoz, quien es gerente de \u201cIngenio Consultor\u00eda Industrial\u201d, dialog\u00f3 con AGENFOR y expres\u00f3: \u201cEs un honor estar en este programa provincial, si bien somos del Chaco, hace mucho tiempo que trabajamos con el Gobierno provincial\u201d.<\/p>\n\n\n\n<figure class=\"wp-block-image\"><a href=\"https:\/\/agenfor.com.ar\/wp-content\/uploads\/2025\/10\/WhatsApp-Image-2025-10-16-at-3.27.53-PM-1.jpeg\"><img decoding=\"async\" src=\"https:\/\/agenfor.com.ar\/wp-content\/uploads\/2025\/10\/WhatsApp-Image-2025-10-16-at-3.27.53-PM-1-1024x768.jpeg\" alt=\"\" class=\"wp-image-247731\"\/><\/a><\/figure>\n\n\n\n<p>Con respecto a esta propuesta de capacitaci\u00f3n, enfatiz\u00f3 que, \u201ccomo en todo proyecto nuevo, siempre se genera una gran expectativa\u201d, ante lo cual \u201ctenemos mucha confianza y poni\u00e9ndole toda nuestra expertise\u201d en base a que \u201cdesde hace m\u00e1s de 20 a\u00f1os que venimos trabajando con proveedores locales, peque\u00f1os, medianos y grandes\u201d.<\/p>\n\n\n\n<p>Por ello, manifest\u00f3 que \u201cla idea es poner todo eso a disposici\u00f3n y tratar de acompa\u00f1ar a este nuevo proceso vinculado con la comercializaci\u00f3n con grandes empresas, ya que nosotros somos el nexo entre los proveedores y los demandantes y en ese camino, los vamos a ir acompa\u00f1ando con diferentes herramientas a trav\u00e9s de esta capacitaci\u00f3n\u201d.<\/p>\n","protected":false},"excerpt":{"rendered":"<p>En el marco del ciclo de capacitaciones bajo el Programa \u201cCapacidad Proveedora PyME\u201d, este jueves<\/p>\n","protected":false},"author":8,"featured_media":69532,"comment_status":"closed","ping_status":"closed","sticky":false,"template":"","format":"standard","meta":{"footnotes":""},"categories":[1],"tags":[],"class_list":["post-69531","post","type-post","status-publish","format-standard","has-post-thumbnail","hentry","category-noticias"],"_links":{"self":[{"href":"https:\/\/24formosa.com.ar\/index.php?rest_route=\/wp\/v2\/posts\/69531","targetHints":{"allow":["GET"]}}],"collection":[{"href":"https:\/\/24formosa.com.ar\/index.php?rest_route=\/wp\/v2\/posts"}],"about":[{"href":"https:\/\/24formosa.com.ar\/index.php?rest_route=\/wp\/v2\/types\/post"}],"author":[{"embeddable":true,"href":"https:\/\/24formosa.com.ar\/index.php?rest_route=\/wp\/v2\/users\/8"}],"replies":[{"embeddable":true,"href":"https:\/\/24formosa.com.ar\/index.php?rest_route=%2Fwp%2Fv2%2Fcomments&post=69531"}],"version-history":[{"count":1,"href":"https:\/\/24formosa.com.ar\/index.php?rest_route=\/wp\/v2\/posts\/69531\/revisions"}],"predecessor-version":[{"id":69533,"href":"https:\/\/24formosa.com.ar\/index.php?rest_route=\/wp\/v2\/posts\/69531\/revisions\/69533"}],"wp:featuredmedia":[{"embeddable":true,"href":"https:\/\/24formosa.com.ar\/index.php?rest_route=\/wp\/v2\/media\/69532"}],"wp:attachment":[{"href":"https:\/\/24formosa.com.ar\/index.php?rest_route=%2Fwp%2Fv2%2Fmedia&parent=69531"}],"wp:term":[{"taxonomy":"category","embeddable":true,"href":"https:\/\/24formosa.com.ar\/index.php?rest_route=%2Fwp%2Fv2%2Fcategories&post=69531"},{"taxonomy":"post_tag","embeddable":true,"href":"https:\/\/24formosa.com.ar\/index.php?rest_route=%2Fwp%2Fv2%2Ftags&post=69531"}],"curies":[{"name":"wp","href":"https:\/\/api.w.org\/{rel}","templated":true}]}}