{"id":69521,"date":"2025-10-16T23:11:06","date_gmt":"2025-10-17T02:11:06","guid":{"rendered":"https:\/\/24formosa.com.ar\/?p=69521"},"modified":"2025-10-16T23:11:08","modified_gmt":"2025-10-17T02:11:08","slug":"plan-nutrir-siete-anos-de-una-politica-integral-que-fortalecio-la-mesa-de-las-familias-formosenas","status":"publish","type":"post","link":"https:\/\/24formosa.com.ar\/?p=69521","title":{"rendered":"Plan Nutrir: Siete a\u00f1os de una pol\u00edtica integral que fortaleci\u00f3 la mesa de las familias formose\u00f1as"},"content":{"rendered":"\n<p><em>El 16 de octubre de 2018, en el D\u00eda Mundial de la Alimentaci\u00f3n, el gobernador Gildo Insfr\u00e1n lanzaba el Plan Provincial Alimentario Nutrir como respuesta a la crisis socioecon\u00f3mica y alimentaria generada a nivel nacional bajo la Presidencia de Mauricio Macri.<\/em><\/p>\n\n\n\n<p>El objetivo era garantizar el acceso a alimentos para personas en situaci\u00f3n de vulnerabilidad (especialmente mujeres embarazadas, ni\u00f1os y adultos mayores) a trav\u00e9s de la entrega de bolsones con productos cultivados en las chacras de los peque\u00f1os productores paipperos.<\/p>\n\n\n\n<p>Hoy, siete a\u00f1os despu\u00e9s, esta pol\u00edtica integral de justicia social y soberan\u00eda alimentaria reafirma el compromiso de un Estado presente, que no solo provee alimentos, sino que acompa\u00f1a, cuida y sostiene a las familias formose\u00f1as, especialmente en los contextos de mayor dificultad.<\/p>\n\n\n\n<figure class=\"wp-block-image\"><a href=\"https:\/\/agenfor.com.ar\/wp-content\/uploads\/2025\/10\/Plan-Nutrir-nuevo-aniversario-1.jpeg\"><img decoding=\"async\" src=\"https:\/\/agenfor.com.ar\/wp-content\/uploads\/2025\/10\/Plan-Nutrir-nuevo-aniversario-1-1024x682.jpeg\" alt=\"\" class=\"wp-image-247651\"\/><\/a><\/figure>\n\n\n\n<p>Al respecto, en el marco de la conmemoraci\u00f3n, la coordinadora ejecutiva de Nutrir, Anah\u00ed Santander, convers\u00f3 en exclusiva con AGENFOR y evoc\u00f3: \u201cNutrir arranca en el a\u00f1o 2018, en un contexto complicado, en pleno Gobierno de Macri, con una declaraci\u00f3n de emergencia alimentaria nacional y much\u00edsima gente que iba perdiendo sus tarjetas alimentarias\u201d.<\/p>\n\n\n\n<p>En ese contexto, \u201cel Gobierno de la provincia de Formosa arm\u00f3 este plan para dar respuesta a esas familias que se estaban quedando afuera, una vez m\u00e1s, por Gobiernos neoliberales, para que esas personas, esas familias, no se queden sin ese respaldo alimenticio\u201d.<\/p>\n\n\n\n<p>Rememor\u00f3 que en ese momento \u201chabl\u00e1bamos de entre 14.000 y 15.000 familias de Formosa Capital que tuvieron la respuesta con esos bolsones\u201d con productos paipperos y luego, con el correr de los a\u00f1os, \u201cfue evolucionando de manera positiva, llegando hoy en d\u00eda a 18.500 familias\u201d.<\/p>\n\n\n\n<p>A su vez, lament\u00f3 que con la llegada a la Presidencia de la Naci\u00f3n de Javier Milei \u201cse produjo un salto\u201d debido a las pol\u00edticas de ajuste y desfinanciamiento, gener\u00e1ndose \u201cmuch\u00edsima m\u00e1s demanda de las tarjetas alimentarias y Nutrir tuvo que ampliarse un poquito m\u00e1s\u201d.<\/p>\n\n\n\n<p>Resalt\u00f3 que \u201cen estos siete a\u00f1os fuimos mejorando en un mont\u00f3n de cosas, y esto tiene mucho que ver tambi\u00e9n con la estrategia de llegar justo a tiempo con estos productos, que en un 80% son frescos\u201d, tales como verduras, hortalizas y frutas, obtenidos de las chacras paipperas. Y el 20% son h\u00famedos-secos, como fideos, arroz, az\u00facar, etc\u00e9tera.<\/p>\n\n\n\n<p>Explic\u00f3 que \u201ctrabajamos con 17 localidades de toda la provincia de Formosa, seg\u00fan la temporada\u201d, para elaborar bolsones que poseen \u201centre 18 y 20 productos cada uno, rozando los 30 kilos de productos\u201d.<\/p>\n\n\n\n<p>En ese sentido, puso en valor que Nutrir es \u201cun c\u00edrculo virtuoso\u201d, ya que detr\u00e1s de todo \u201cest\u00e1n los m\u00e1s de 1000 paipperos de estas 17 localidades de toda la provincia que trabajan para abastecerlo\u201d, adem\u00e1s de generar alimentos para las ferias francas y las de Soberan\u00eda Alimentaria Formose\u00f1a.<\/p>\n\n\n\n<p>Del mismo modo, elogi\u00f3 la visi\u00f3n estrat\u00e9gica y la decisi\u00f3n pol\u00edtica del gobernador Insfr\u00e1n, al recordar que en el mes de septiembre de 1996, en la localidad de General Belgrano, lanz\u00f3 el PAIPPA, \u201cun programa de sostenimiento del productor agropecuario formose\u00f1o\u201d, lo que constituy\u00f3 la piedra basal del Plan Nutrir.<\/p>\n\n\n\n<figure class=\"wp-block-image\"><a href=\"https:\/\/agenfor.com.ar\/wp-content\/uploads\/2025\/10\/502854899_714562540955745_6359727531835476349_n.jpg\"><img decoding=\"async\" src=\"https:\/\/agenfor.com.ar\/wp-content\/uploads\/2025\/10\/502854899_714562540955745_6359727531835476349_n-1024x768.jpg\" alt=\"\" class=\"wp-image-247653\"\/><\/a><\/figure>\n\n\n\n<p><strong>Mejora de la calidad de vida<\/strong><\/p>\n\n\n\n<p>En cuanto al funcionamiento del plan provincial alimentario, detall\u00f3 que por una parte \u201ctenemos un sistema de carga de datos de las personas que son los beneficiarios\u201d y, por otro lado, \u201clos siete centros de entrega de bolsones en diferentes barrios en Formosa Capital, con toda su log\u00edstica, desde donde cada persona retira su bols\u00f3n\u201d, adem\u00e1s de los encargados de ir a las chacras paipperas del interior para recoger los productos.<\/p>\n\n\n\n<p>\u201cUna vez que la persona est\u00e1 inscripta, es decir que ya se hicieron todas las entrevistas y chequeos previos, se le entrega una tarjeta magn\u00e9tica donde constan todos sus datos y qu\u00e9 centro le queda m\u00e1s cercano a su domicilio, as\u00ed como qu\u00e9 d\u00eda y horario le toca retirar el bols\u00f3n alimentario, dos veces al mes\u201d, precis\u00f3, informando que \u201cquienes deseen acceder a este plan, deben acercarse a los Espacios de la Comunidad Organizada (ECO), donde las asistentes sociales les tomar\u00e1n sus datos para programar una visita al domicilio y realizar el estudio de las condiciones socioambientales\u201d.<\/p>\n\n\n\n<p>Categ\u00f3rica, dej\u00f3 en claro que \u201cno festejamos que sean 18.500 los beneficiarios\u201d, sino cuando la persona \u201cya est\u00e1 en un trabajo formal y va mejorando su calidad de vida\u201d, d\u00e1ndose de baja en el plan, permitiendo otro ingreso.<\/p>\n\n\n\n<p>\u201cDestacamos que haya un programa como este en la provincia de Formosa\u201d, que destine recursos propios a hacerle frente a la crisis socioecon\u00f3mica nacional generada por las pol\u00edticas neoliberales y libertarias, valorando el \u201cgran esfuerzo que se hace\u201d para sostenerlo. &nbsp;<\/p>\n\n\n\n<figure class=\"wp-block-image\"><a href=\"https:\/\/agenfor.com.ar\/wp-content\/uploads\/2025\/10\/Plan-Nutrir-nuevo-aniversario-2.jpeg\"><img decoding=\"async\" src=\"https:\/\/agenfor.com.ar\/wp-content\/uploads\/2025\/10\/Plan-Nutrir-nuevo-aniversario-2-1024x682.jpeg\" alt=\"\" class=\"wp-image-247656\"\/><\/a><\/figure>\n\n\n\n<p>Adem\u00e1s, hizo notar que \u201cal bols\u00f3n se le agregaron los productos elaborados por el Laboratorio Provincial Laformed\u201d, como los repelentes, larvicidas e insecticidas para la lucha contra el dengue, que en Formosa es interinstitucional y constante desde hace much\u00edsimos a\u00f1os. Y tambi\u00e9n los fabricados por Nutrifor, como la leche fortificada, el mate cocido, la chocolatada, las mermeladas, entre otros.<\/p>\n\n\n\n<p>Asimismo, haciendo un c\u00e1lculo, Santander estim\u00f3 en \u201cm\u00e1s de $100 mil\u201d el valor de cada bols\u00f3n de Nutrir, puntualizando que contiene una amplia variedad de verduras de hojas como lechuga, r\u00facula y acelga, hortalizas y frutas. \u201cCada bols\u00f3n es representativo de la temporada \u2013se\u00f1al\u00f3-. De acuerdo a la \u00e9poca, hay zapallos de diversos tipos, acelga, lechuga, berenjena, batata, mandioca, adem\u00e1s de pollo, fideos frescos, leche, mate cocido, mermeladas de Nutrifor y dulce de batata\u201d, enumer\u00f3.<\/p>\n\n\n\n<p>\u201cEn Formosa se les dan todas estas posibilidades a las personas que m\u00e1s necesitan, porque sabemos que no es solamente un bols\u00f3n, sino que todo va acompa\u00f1ado por educaci\u00f3n, salud y un acompa\u00f1amiento integral a las familias\u201d, remarc\u00f3.<\/p>\n\n\n\n<p>Para finalizar, inform\u00f3 que para conmemorar el nuevo aniversario de Nutrir, \u201cse vienen llevando adelante talleres de capacitaci\u00f3n a la comunidad, donde con nuestras nutricionistas vamos a los centros y hacemos talleres de alimentaci\u00f3n saludable y cocina, as\u00ed como de manipulaci\u00f3n segura y conservaci\u00f3n de alimentos\u201d.<\/p>\n\n\n\n<p><strong>Testimonio<\/strong><\/p>\n\n\n\n<p>En estos siete a\u00f1os de Nutrir, Juana comparti\u00f3 su testimonio, reflejo de una pol\u00edtica p\u00fablica que transforma realidades y fortalece derechos.<\/p>\n\n\n\n<p>\u201cEstoy muy contenta por este plan que recibimos. A todos nos ayuda en esta situaci\u00f3n nacional que estamos pasando. Es un ejemplo que en otros lugares no hay\u201d, signific\u00f3 y agradeci\u00f3 al Gobierno provincial \u201cpor toda la ayuda que nos da\u201d.<\/p>\n\n\n\n<p>\u201cEstoy muy contenta porque cada 15 d\u00edas puedo ir a buscar mi bols\u00f3n. Muchas gracias, Plan Nutrir. \u00a1Felicidades en este nuevo aniversario!\u201d, dese\u00f3.&nbsp;<\/p>\n","protected":false},"excerpt":{"rendered":"<p>El 16 de octubre de 2018, en el D\u00eda Mundial de la Alimentaci\u00f3n, el gobernador<\/p>\n","protected":false},"author":8,"featured_media":69522,"comment_status":"closed","ping_status":"closed","sticky":false,"template":"","format":"standard","meta":{"footnotes":""},"categories":[1],"tags":[],"class_list":["post-69521","post","type-post","status-publish","format-standard","has-post-thumbnail","hentry","category-noticias"],"_links":{"self":[{"href":"https:\/\/24formosa.com.ar\/index.php?rest_route=\/wp\/v2\/posts\/69521","targetHints":{"allow":["GET"]}}],"collection":[{"href":"https:\/\/24formosa.com.ar\/index.php?rest_route=\/wp\/v2\/posts"}],"about":[{"href":"https:\/\/24formosa.com.ar\/index.php?rest_route=\/wp\/v2\/types\/post"}],"author":[{"embeddable":true,"href":"https:\/\/24formosa.com.ar\/index.php?rest_route=\/wp\/v2\/users\/8"}],"replies":[{"embeddable":true,"href":"https:\/\/24formosa.com.ar\/index.php?rest_route=%2Fwp%2Fv2%2Fcomments&post=69521"}],"version-history":[{"count":1,"href":"https:\/\/24formosa.com.ar\/index.php?rest_route=\/wp\/v2\/posts\/69521\/revisions"}],"predecessor-version":[{"id":69523,"href":"https:\/\/24formosa.com.ar\/index.php?rest_route=\/wp\/v2\/posts\/69521\/revisions\/69523"}],"wp:featuredmedia":[{"embeddable":true,"href":"https:\/\/24formosa.com.ar\/index.php?rest_route=\/wp\/v2\/media\/69522"}],"wp:attachment":[{"href":"https:\/\/24formosa.com.ar\/index.php?rest_route=%2Fwp%2Fv2%2Fmedia&parent=69521"}],"wp:term":[{"taxonomy":"category","embeddable":true,"href":"https:\/\/24formosa.com.ar\/index.php?rest_route=%2Fwp%2Fv2%2Fcategories&post=69521"},{"taxonomy":"post_tag","embeddable":true,"href":"https:\/\/24formosa.com.ar\/index.php?rest_route=%2Fwp%2Fv2%2Ftags&post=69521"}],"curies":[{"name":"wp","href":"https:\/\/api.w.org\/{rel}","templated":true}]}}