{"id":69515,"date":"2025-10-16T23:04:48","date_gmt":"2025-10-17T02:04:48","guid":{"rendered":"https:\/\/24formosa.com.ar\/?p=69515"},"modified":"2025-10-16T23:04:49","modified_gmt":"2025-10-17T02:04:49","slug":"convocan-al-acto-por-el-dia-de-la-lealtad-en-el-estadio-cincuentenario","status":"publish","type":"post","link":"https:\/\/24formosa.com.ar\/?p=69515","title":{"rendered":"Convocan al acto por el D\u00eda de la Lealtad en el Estadio Cincuentenario"},"content":{"rendered":"\n<p><em>Cada 17 de octubre se celebra el D\u00eda de la Lealtad, que constituye una fecha trascendental en la historia argentina, cuando en 1945 una gran movilizaci\u00f3n en Plaza de Mayo en Buenos Aires exigi\u00f3 la liberaci\u00f3n del entonces coronel Juan Domingo Per\u00f3n, quien hab\u00eda sido detenido pocos d\u00edas antes.<\/em><\/p>\n\n\n\n<p>Este hecho in\u00e9dito marc\u00f3 el nacimiento del Peronismo y con \u00e9l, la historia del movimiento obrero argentino que pas\u00f3 a ser protagonista. Por ese motivo, este viernes 17, a partir de las 17.30 horas, en Formosa se evocar\u00e1 este acontecimiento por parte de militantes y dirigentes justicialistas.<\/p>\n\n\n\n<p>La convocatoria tendr\u00e1 como escenario al Estadio Cincuentenario, donde el Partido Justicialista Distrito Formosa renovar\u00e1 su lealtad a Per\u00f3n, Evita Per\u00f3n y a su presidente, Gildo Insfr\u00e1n.<\/p>\n\n\n\n<p>En ese sentido,&nbsp;<strong>AGENFOR<\/strong>&nbsp;recogi\u00f3 el testimonio de Marta Galeano, secretaria general de la Mutual del Docente Formose\u00f1o (MUDOFOR), quien se refiri\u00f3 al acto, donde se renovar\u00e1 \u201cla lealtad popular\u201d.<\/p>\n\n\n\n<p>Manifest\u00f3 asimismo su preocupaci\u00f3n por lo que sucede en el pa\u00eds, donde cada vez m\u00e1s el pueblo argentino se encuentra una situaci\u00f3n delicada por la crisis generada por el presidente Javier Milei y sus pol\u00edticas de ajuste.<\/p>\n\n\n\n<p>Ante esto, \u201ctodos los d\u00edas estamos viendo c\u00f3mo poder ayudar al pr\u00f3jimo en la econom\u00eda social\u201d, a trav\u00e9s de \u201cacciones colectivas\u201d para apuntalar \u201cal que est\u00e1 pasando un mal momento\u201d, marcando, en ese sentido, que \u201cla solidaridad es el principio b\u00e1sico del formose\u00f1o que tambi\u00e9n tiene plena sinton\u00eda con el Modelo Formose\u00f1o\u201d.<\/p>\n\n\n\n<p>Ese principio, el acto \u201cpotenciar\u00e1\u201d todo lo enunciado, asegur\u00f3 Galeano, quien finalmente convoc\u00f3 a toda la ciudadan\u00eda a ser parte de \u00e9l.<\/p>\n","protected":false},"excerpt":{"rendered":"<p>Cada 17 de octubre se celebra el D\u00eda de la Lealtad, que constituye una fecha<\/p>\n","protected":false},"author":8,"featured_media":69516,"comment_status":"closed","ping_status":"closed","sticky":false,"template":"","format":"standard","meta":{"footnotes":""},"categories":[1],"tags":[],"class_list":["post-69515","post","type-post","status-publish","format-standard","has-post-thumbnail","hentry","category-noticias"],"_links":{"self":[{"href":"https:\/\/24formosa.com.ar\/index.php?rest_route=\/wp\/v2\/posts\/69515","targetHints":{"allow":["GET"]}}],"collection":[{"href":"https:\/\/24formosa.com.ar\/index.php?rest_route=\/wp\/v2\/posts"}],"about":[{"href":"https:\/\/24formosa.com.ar\/index.php?rest_route=\/wp\/v2\/types\/post"}],"author":[{"embeddable":true,"href":"https:\/\/24formosa.com.ar\/index.php?rest_route=\/wp\/v2\/users\/8"}],"replies":[{"embeddable":true,"href":"https:\/\/24formosa.com.ar\/index.php?rest_route=%2Fwp%2Fv2%2Fcomments&post=69515"}],"version-history":[{"count":1,"href":"https:\/\/24formosa.com.ar\/index.php?rest_route=\/wp\/v2\/posts\/69515\/revisions"}],"predecessor-version":[{"id":69517,"href":"https:\/\/24formosa.com.ar\/index.php?rest_route=\/wp\/v2\/posts\/69515\/revisions\/69517"}],"wp:featuredmedia":[{"embeddable":true,"href":"https:\/\/24formosa.com.ar\/index.php?rest_route=\/wp\/v2\/media\/69516"}],"wp:attachment":[{"href":"https:\/\/24formosa.com.ar\/index.php?rest_route=%2Fwp%2Fv2%2Fmedia&parent=69515"}],"wp:term":[{"taxonomy":"category","embeddable":true,"href":"https:\/\/24formosa.com.ar\/index.php?rest_route=%2Fwp%2Fv2%2Fcategories&post=69515"},{"taxonomy":"post_tag","embeddable":true,"href":"https:\/\/24formosa.com.ar\/index.php?rest_route=%2Fwp%2Fv2%2Ftags&post=69515"}],"curies":[{"name":"wp","href":"https:\/\/api.w.org\/{rel}","templated":true}]}}