{"id":69509,"date":"2025-10-16T22:54:55","date_gmt":"2025-10-17T01:54:55","guid":{"rendered":"https:\/\/24formosa.com.ar\/?p=69509"},"modified":"2025-10-16T22:54:56","modified_gmt":"2025-10-17T01:54:56","slug":"el-centro-comunitario-del-7-de-mayo-fue-sede-de-capacitacion-sobre-la-bup-y-festejo-del-dia-de-la-madre","status":"publish","type":"post","link":"https:\/\/24formosa.com.ar\/?p=69509","title":{"rendered":"El Centro Comunitario del 7 de Mayo fue sede de capacitaci\u00f3n sobre la BUP y festejo del D\u00eda de la Madre"},"content":{"rendered":"\n<p><em>A diez d\u00edas de las elecciones nacionales que se celebrar\u00e1 el domingo 26 de octubre, la militancia justicialista contin\u00faa capacitando a la comunidad sobre la Boleta \u00danica Papel (BUP).<\/em><\/p>\n\n\n\n<p>En esta ocasi\u00f3n, la \u201c17 Agrupaci\u00f3n\u201d estuvo este jueves 16 en el Centro Integrador de Acci\u00f3n Comunitaria \u201cEva Per\u00f3n\u201d, del barrio 7 de Mayo, donde tambi\u00e9n se festej\u00f3 el D\u00eda de la Madre.<\/p>\n\n\n\n<p>Al respecto, la dirigente justicialista Blanca Denis, al dialogar con esta&nbsp;<strong><em>Agencia de Noticias Formosa (AGENFOR)<\/em><\/strong>, coment\u00f3 que el punto de encuentro fue \u201cel centro tiene un comedor dando asistencia alimentaria de martes a s\u00e1bado, con almuerzo y merienda\u201d, y precis\u00f3 que \u201ccasi 70 familias son las que retiran diariamente\u201d.<\/p>\n\n\n\n<p>Asimismo, indic\u00f3 que \u201cen la jornada celebramos el D\u00eda de la Madre, que es el pr\u00f3ximo domingo 19, y para eso las propias integrantes del centro hicieron algunos regalos para obsequiar a todas y refrigerio para compartir\u201d.<\/p>\n\n\n\n<figure class=\"wp-block-image\"><a href=\"https:\/\/agenfor.com.ar\/wp-content\/uploads\/2025\/10\/photo_5154571555844066167_y.jpg\"><img decoding=\"async\" src=\"https:\/\/agenfor.com.ar\/wp-content\/uploads\/2025\/10\/photo_5154571555844066167_y-1024x682.jpg\" alt=\"\" class=\"wp-image-247774\"\/><\/a><figcaption class=\"wp-element-caption\">Blanca Denis<\/figcaption><\/figure>\n\n\n\n<p>Adem\u00e1s, marc\u00f3 que \u201cpor las medidas nacionales del presidente Javier Milei han aumentado la cantidad de comedores, es decir de gente que necesita ir a un lugar donde comer\u201d; pero, resalt\u00f3 que \u201cpor el otro lado, est\u00e1n los programas alimenticios del gobernador Gildo Insfr\u00e1n y de este proyecto de provincia no deja a absolutamente nadie afuera\u201d.<\/p>\n\n\n\n<p>\u201cFormosa es la contracara de lo que se vive a nivel nacional\u201d, asever\u00f3, al tiempo que sostuvo que \u201cac\u00e1 realmente existe la presencia del Estado con pol\u00edticas p\u00fablicas que hacen que se amortig\u00fce todo este impacto tan negativo de la crisis que genera el Gobierno nacional\u201d.<\/p>\n\n\n\n<p>Y remarc\u00f3 que \u201clas pol\u00edticas sociales que se llevan adelante en Formosa son un escudo para todo el impacto que golpea a los m\u00e1s vulnerables\u201d, destacando que \u201ctenemos la bendici\u00f3n de tener un conductor (Insfr\u00e1n) que en los momentos dif\u00edciles nunca nos ha abandonado\u201d.<\/p>\n\n\n\n<p>Por todo esto, Denis, manifest\u00f3 que en la provincia \u201cvivimos una realidad diferente\u201d, pero aclar\u00f3 que \u201ctambi\u00e9n somos parte de una Argentina donde s\u00ed o s\u00ed nos llega el impacto que generan las pol\u00edticas neoliberales de ajuste que est\u00e1n aplicando en todas las provincias del territorio nacional\u201d.<\/p>\n","protected":false},"excerpt":{"rendered":"<p>A diez d\u00edas de las elecciones nacionales que se celebrar\u00e1 el domingo 26 de octubre,<\/p>\n","protected":false},"author":8,"featured_media":69510,"comment_status":"closed","ping_status":"closed","sticky":false,"template":"","format":"standard","meta":{"footnotes":""},"categories":[1],"tags":[],"class_list":["post-69509","post","type-post","status-publish","format-standard","has-post-thumbnail","hentry","category-noticias"],"_links":{"self":[{"href":"https:\/\/24formosa.com.ar\/index.php?rest_route=\/wp\/v2\/posts\/69509","targetHints":{"allow":["GET"]}}],"collection":[{"href":"https:\/\/24formosa.com.ar\/index.php?rest_route=\/wp\/v2\/posts"}],"about":[{"href":"https:\/\/24formosa.com.ar\/index.php?rest_route=\/wp\/v2\/types\/post"}],"author":[{"embeddable":true,"href":"https:\/\/24formosa.com.ar\/index.php?rest_route=\/wp\/v2\/users\/8"}],"replies":[{"embeddable":true,"href":"https:\/\/24formosa.com.ar\/index.php?rest_route=%2Fwp%2Fv2%2Fcomments&post=69509"}],"version-history":[{"count":1,"href":"https:\/\/24formosa.com.ar\/index.php?rest_route=\/wp\/v2\/posts\/69509\/revisions"}],"predecessor-version":[{"id":69511,"href":"https:\/\/24formosa.com.ar\/index.php?rest_route=\/wp\/v2\/posts\/69509\/revisions\/69511"}],"wp:featuredmedia":[{"embeddable":true,"href":"https:\/\/24formosa.com.ar\/index.php?rest_route=\/wp\/v2\/media\/69510"}],"wp:attachment":[{"href":"https:\/\/24formosa.com.ar\/index.php?rest_route=%2Fwp%2Fv2%2Fmedia&parent=69509"}],"wp:term":[{"taxonomy":"category","embeddable":true,"href":"https:\/\/24formosa.com.ar\/index.php?rest_route=%2Fwp%2Fv2%2Fcategories&post=69509"},{"taxonomy":"post_tag","embeddable":true,"href":"https:\/\/24formosa.com.ar\/index.php?rest_route=%2Fwp%2Fv2%2Ftags&post=69509"}],"curies":[{"name":"wp","href":"https:\/\/api.w.org\/{rel}","templated":true}]}}