{"id":69506,"date":"2025-10-16T22:47:19","date_gmt":"2025-10-17T01:47:19","guid":{"rendered":"https:\/\/24formosa.com.ar\/?p=69506"},"modified":"2025-10-16T22:47:19","modified_gmt":"2025-10-17T01:47:19","slug":"la-primera-edicion-de-la-expo-conexion-empleo-fue-todo-un-exito-en-el-galpon-g","status":"publish","type":"post","link":"https:\/\/24formosa.com.ar\/?p=69506","title":{"rendered":"La primera edici\u00f3n de la \u201cExpo Conexi\u00f3n Empleo\u201d fue todo un \u00e9xito en el Galp\u00f3n \u201cG\u201d"},"content":{"rendered":"\n<p><em>La primera edici\u00f3n de la \u201cExpo Conexi\u00f3n Empleo\u201d tuvo lugar este jueves 16, entre las 16 y las 20 horas en el Galp\u00f3n \u201cG\u201d del Paseo Costanero de la ciudad de Formosa, donde los rubros fueron tecnolog\u00eda, industria y construcci\u00f3n, a trav\u00e9s de \u201cesta gran articulaci\u00f3n p\u00fablica-privada para generar empleo\u201d.<\/em><\/p>\n\n\n\n<p>As\u00ed lo se\u00f1al\u00f3 Rodrigo Sandoval, subsecretario de Empleo, al brindar declaraciones que fueron recogidas por la&nbsp;<em><strong>Agencia de Noticias Formosa (AGENFOR)<\/strong><\/em>.<\/p>\n\n\n\n<p>Indic\u00f3 que participaron del evento las escuelas t\u00e9cnicas, los N\u00facleos de Educaci\u00f3n Permanente y Formaci\u00f3n Profesional (NEPyFP) e Institutos Terciarios de la ciudad de Formosa, como Mar\u00eda Auxiliadora y el Polit\u00e9cnico.<\/p>\n\n\n\n<figure class=\"wp-block-image\"><a href=\"https:\/\/agenfor.com.ar\/wp-content\/uploads\/2025\/10\/5156931537294003016.jpg\"><img decoding=\"async\" src=\"https:\/\/agenfor.com.ar\/wp-content\/uploads\/2025\/10\/5156931537294003016-1024x682.jpg\" alt=\"\" class=\"wp-image-247756\"\/><\/a><figcaption class=\"wp-element-caption\">Sandoval<\/figcaption><\/figure>\n\n\n\n<p>De esa manera, \u201cconectamos a egresados con empresas que est\u00e1n buscando esa mano de obra calificada\u201d, sostuvo el funcionario acerca del objetivo que se persigue con esta iniciativa.<\/p>\n\n\n\n<p>En otras palabras, se\u00f1al\u00f3 Cecilia Dellamea, administradora del Centro Integral para la Empleabilidad de la Subsecretar\u00eda de Empleo, \u201cla idea es hacer conexi\u00f3n, es decir, crear nexos entre las instituciones educativas y el mundo del trabajo\u201d.<\/p>\n\n\n\n<figure class=\"wp-block-image\"><a href=\"https:\/\/agenfor.com.ar\/wp-content\/uploads\/2025\/10\/5156931537294003007.jpg\"><img decoding=\"async\" src=\"https:\/\/agenfor.com.ar\/wp-content\/uploads\/2025\/10\/5156931537294003007-1024x682.jpg\" alt=\"\" class=\"wp-image-247751\"\/><\/a><\/figure>\n\n\n\n<p>Y agreg\u00f3: \u201cEntonces, la idea es conectar a j\u00f3venes que se est\u00e1n formando, incluso adultos, en los rubros de Tecnicaturas, y las empresas que requieren esos rubros de trabajo en Formosa\u201d.<\/p>\n\n\n\n<p>Por su parte, Pablo Bar\u00f3n Pe\u00f1a, director de Educaci\u00f3n T\u00e9cnica, asegur\u00f3 que esto se enmarca en el Modelo Formose\u00f1o, donde la educaci\u00f3n t\u00e9cnica de la provincia lleva adelante \u201cun ejercicio todos los d\u00edas de vinculaci\u00f3n con todos los organismos de la provincia para fortalecer el desarrollo pedag\u00f3gico t\u00e9cnico de los estudiantes\u201d.<\/p>\n\n\n\n<figure class=\"wp-block-image\"><a href=\"https:\/\/agenfor.com.ar\/wp-content\/uploads\/2025\/10\/5156931537294003008.jpg\"><img decoding=\"async\" src=\"https:\/\/agenfor.com.ar\/wp-content\/uploads\/2025\/10\/5156931537294003008-1024x682.jpg\" alt=\"\" class=\"wp-image-247752\"\/><\/a><\/figure>\n\n\n\n<p>Por ese motivo, destac\u00f3 que se invit\u00f3 a los estudiantes de los \u00faltimos a\u00f1os de las escuelas t\u00e9cnicas de la ciudad capital a este encuentro, \u201cque les brinda la posibilidad de conocer a las empresas, tanto p\u00fablicas como privadas\u201d que est\u00e1n buscando mano de obra calificada.<\/p>\n","protected":false},"excerpt":{"rendered":"<p>La primera edici\u00f3n de la \u201cExpo Conexi\u00f3n Empleo\u201d tuvo lugar este jueves 16, entre las<\/p>\n","protected":false},"author":8,"featured_media":69507,"comment_status":"closed","ping_status":"closed","sticky":false,"template":"","format":"standard","meta":{"footnotes":""},"categories":[1],"tags":[],"class_list":["post-69506","post","type-post","status-publish","format-standard","has-post-thumbnail","hentry","category-noticias"],"_links":{"self":[{"href":"https:\/\/24formosa.com.ar\/index.php?rest_route=\/wp\/v2\/posts\/69506","targetHints":{"allow":["GET"]}}],"collection":[{"href":"https:\/\/24formosa.com.ar\/index.php?rest_route=\/wp\/v2\/posts"}],"about":[{"href":"https:\/\/24formosa.com.ar\/index.php?rest_route=\/wp\/v2\/types\/post"}],"author":[{"embeddable":true,"href":"https:\/\/24formosa.com.ar\/index.php?rest_route=\/wp\/v2\/users\/8"}],"replies":[{"embeddable":true,"href":"https:\/\/24formosa.com.ar\/index.php?rest_route=%2Fwp%2Fv2%2Fcomments&post=69506"}],"version-history":[{"count":1,"href":"https:\/\/24formosa.com.ar\/index.php?rest_route=\/wp\/v2\/posts\/69506\/revisions"}],"predecessor-version":[{"id":69508,"href":"https:\/\/24formosa.com.ar\/index.php?rest_route=\/wp\/v2\/posts\/69506\/revisions\/69508"}],"wp:featuredmedia":[{"embeddable":true,"href":"https:\/\/24formosa.com.ar\/index.php?rest_route=\/wp\/v2\/media\/69507"}],"wp:attachment":[{"href":"https:\/\/24formosa.com.ar\/index.php?rest_route=%2Fwp%2Fv2%2Fmedia&parent=69506"}],"wp:term":[{"taxonomy":"category","embeddable":true,"href":"https:\/\/24formosa.com.ar\/index.php?rest_route=%2Fwp%2Fv2%2Fcategories&post=69506"},{"taxonomy":"post_tag","embeddable":true,"href":"https:\/\/24formosa.com.ar\/index.php?rest_route=%2Fwp%2Fv2%2Ftags&post=69506"}],"curies":[{"name":"wp","href":"https:\/\/api.w.org\/{rel}","templated":true}]}}