{"id":69499,"date":"2025-10-15T22:00:50","date_gmt":"2025-10-16T01:00:50","guid":{"rendered":"https:\/\/24formosa.com.ar\/?p=69499"},"modified":"2025-10-15T22:00:50","modified_gmt":"2025-10-16T01:00:50","slug":"capacitacion-de-la-bup-en-la-casita-del-estudiante-del-interior-con-presencia-de-la-candidata-graciela-de-la-rosa","status":"publish","type":"post","link":"https:\/\/24formosa.com.ar\/?p=69499","title":{"rendered":"Capacitaci\u00f3n de la BUP en la Casita del Estudiante del Interior con presencia de la candidata Graciela de la Rosa"},"content":{"rendered":"\n<p><em>Tambi\u00e9n estuvieron presentes los candidatos Camilo Orrabalis y Mirta Retamozo.<\/em><\/p>\n\n\n\n<p>En la tarde de este mi\u00e9rcoles 15, en la Casita del Estudiante del Interior de Formosa, se realiz\u00f3 una capacitaci\u00f3n de la Boleta \u00danica Papel (BUP) para j\u00f3venes, con participaci\u00f3n de los candidatos del Frente de la Victoria (FdV).<\/p>\n\n\n\n<p>La licenciada Graciela de la Rosa, candidata a diputada nacional (FdV), se\u00f1al\u00f3 que \u201cfue una hermos\u00edsima reuni\u00f3n con estudiantes de distintas localidades de nuestra querida provincia Formosa\u201d. &nbsp;muy necesaria\u201d.<\/p>\n\n\n\n<p>En este sentido, explic\u00f3 que \u201cfue muy necesaria, no solamente por la de la BUP, sino por lo que hay que votar este 26 de octubre, y qu\u00e9 est\u00e1 en juego\u201d, destacando que \u201cest\u00e1 en juego la Patria misma, y es necesario explicar eso\u201d.<\/p>\n\n\n\n<p>Afirm\u00f3 que \u201ccomo siempre decimos, el Modelo Formose\u00f1o es ant\u00edtesis del modelo libertario de Javier Milei\u201d, al tiempo que resalt\u00f3 que \u201ctodos los candidatos queremos sentarnos en una banca de la C\u00e1mara de Diputados de la Naci\u00f3n, pero nosotros -con Fabi\u00e1n C\u00e1ceres- tenemos claro que es para defender los derechos de los formose\u00f1os, y por supuesto los de todos los argentinos\u201d.<\/p>\n\n\n\n<figure class=\"wp-block-image\"><a href=\"https:\/\/agenfor.com.ar\/wp-content\/uploads\/2025\/10\/photo_5152319756030380865_y.jpg\"><img decoding=\"async\" src=\"https:\/\/agenfor.com.ar\/wp-content\/uploads\/2025\/10\/photo_5152319756030380865_y-1024x683.jpg\" alt=\"\" class=\"wp-image-247622\"\/><\/a><figcaption class=\"wp-element-caption\">Graciela de la Rosa<\/figcaption><\/figure>\n\n\n\n<p>Sobre el encuentro con los estudiantes, precis\u00f3 que \u201crepasamos, por ejemplo, el proyecto de Presupuesto 2026 que ya present\u00f3 el presidente Milei, donde se ven claramente inmensos recortes a la educaci\u00f3n, salud, a discapacitados y a organismos claves como es el INTA, el INTI\u201d, considerando que \u201chay un desguace del Estado\u201d.<\/p>\n\n\n\n<p>Pero, se\u00f1al\u00f3 que \u201cno tenemos que sorprendernos, porque el mismo Presidente dijo que ven\u00eda a socavar las bases del Estado, y el Estado es la Naci\u00f3n misma\u201d, entonces, expuso que \u201cahora la Naci\u00f3n est\u00e1 en peligro\u201d.<\/p>\n\n\n\n<p>\u201cNosotros nos jugamos todo por la Argentina; as\u00ed que hay que jugarse por el Modelo Formose\u00f1o este 26 de octubre y defender los pilares b\u00e1sicos del pa\u00eds que est\u00e1n contenidos en la Constituci\u00f3n Nacional\u201d, enfatiz\u00f3.<\/p>\n\n\n\n<figure class=\"wp-block-image\"><a href=\"https:\/\/agenfor.com.ar\/wp-content\/uploads\/2025\/10\/photo_5152319756030380864_y.jpg\"><img decoding=\"async\" src=\"https:\/\/agenfor.com.ar\/wp-content\/uploads\/2025\/10\/photo_5152319756030380864_y-1024x683.jpg\" alt=\"\" class=\"wp-image-247621\"\/><\/a><figcaption class=\"wp-element-caption\">Estudiante Owen Candia<\/figcaption><\/figure>\n\n\n\n<p>Al finalizar, se refiri\u00f3 a la pr\u00f3xima visita de Mart\u00edn Menem, presidente de la C\u00e1mara de Diputados de la Naci\u00f3n, a la provincia de Formosa y sostuvo que \u201cdesde ac\u00e1 le decimos que con nuestro Modelo Formose\u00f1o damos c\u00e1tedra sobre c\u00f3mo se puede tener super\u00e1vit fiscal o equilibrio fiscal sin tocar los derechos de los formose\u00f1os y formose\u00f1as\u201d.<\/p>\n\n\n\n<p>Por su parte, Owen Candia, estudiante de la ciudad Piran\u00e9, actualmente viviendo en Formosa cursando el tercer a\u00f1o de la carrera Ciencias Econ\u00f3micas en la Universidad Nacional de Formosa (UNaF), expes\u00f3 que \u201cla charla fue muy interesante\u201d y destac\u00f3 el hecho de que \u201cvenga la candidata a dialogar con nosotros para que los j\u00f3venes podamos escuchar sus propuestas\u201d.<\/p>\n\n\n\n<p>Asimismo, valor\u00f3 la gesti\u00f3n del&nbsp; Gobierno provincial \u201cque hace sentir a los j\u00f3venes como parte de este modelo de provincia\u201d y a\u00f1adi\u00f3 que \u201ctenemos muchas posibilidades siendo asistidos de forma permanente con charlas y otras actividades\u201d.<\/p>\n","protected":false},"excerpt":{"rendered":"<p>Tambi\u00e9n estuvieron presentes los candidatos Camilo Orrabalis y Mirta Retamozo. En la tarde de este<\/p>\n","protected":false},"author":8,"featured_media":69500,"comment_status":"closed","ping_status":"closed","sticky":false,"template":"","format":"standard","meta":{"footnotes":""},"categories":[1],"tags":[],"class_list":["post-69499","post","type-post","status-publish","format-standard","has-post-thumbnail","hentry","category-noticias"],"_links":{"self":[{"href":"https:\/\/24formosa.com.ar\/index.php?rest_route=\/wp\/v2\/posts\/69499","targetHints":{"allow":["GET"]}}],"collection":[{"href":"https:\/\/24formosa.com.ar\/index.php?rest_route=\/wp\/v2\/posts"}],"about":[{"href":"https:\/\/24formosa.com.ar\/index.php?rest_route=\/wp\/v2\/types\/post"}],"author":[{"embeddable":true,"href":"https:\/\/24formosa.com.ar\/index.php?rest_route=\/wp\/v2\/users\/8"}],"replies":[{"embeddable":true,"href":"https:\/\/24formosa.com.ar\/index.php?rest_route=%2Fwp%2Fv2%2Fcomments&post=69499"}],"version-history":[{"count":1,"href":"https:\/\/24formosa.com.ar\/index.php?rest_route=\/wp\/v2\/posts\/69499\/revisions"}],"predecessor-version":[{"id":69501,"href":"https:\/\/24formosa.com.ar\/index.php?rest_route=\/wp\/v2\/posts\/69499\/revisions\/69501"}],"wp:featuredmedia":[{"embeddable":true,"href":"https:\/\/24formosa.com.ar\/index.php?rest_route=\/wp\/v2\/media\/69500"}],"wp:attachment":[{"href":"https:\/\/24formosa.com.ar\/index.php?rest_route=%2Fwp%2Fv2%2Fmedia&parent=69499"}],"wp:term":[{"taxonomy":"category","embeddable":true,"href":"https:\/\/24formosa.com.ar\/index.php?rest_route=%2Fwp%2Fv2%2Fcategories&post=69499"},{"taxonomy":"post_tag","embeddable":true,"href":"https:\/\/24formosa.com.ar\/index.php?rest_route=%2Fwp%2Fv2%2Ftags&post=69499"}],"curies":[{"name":"wp","href":"https:\/\/api.w.org\/{rel}","templated":true}]}}