{"id":69449,"date":"2025-10-14T22:22:55","date_gmt":"2025-10-15T01:22:55","guid":{"rendered":"https:\/\/24formosa.com.ar\/?p=69449"},"modified":"2025-10-14T22:22:55","modified_gmt":"2025-10-15T01:22:55","slug":"la-segunda-edicion-de-la-hackathon-de-programacion-comienza-este-jueves-y-durara-por-primera-vez-24-horas","status":"publish","type":"post","link":"https:\/\/24formosa.com.ar\/?p=69449","title":{"rendered":"La segunda edici\u00f3n de la hackathon de programaci\u00f3n comienza este jueves y durar\u00e1, por primera vez, 24 horas"},"content":{"rendered":"\n<p>Este jueves 16 y viernes 17 de octubre se realizar\u00e1 la segunda edici\u00f3n de la hackathon de programaci\u00f3n en las instalaciones del Instituto Polit\u00e9cnico Formosa (IPF) \u201cDr. Alberto Marcelo Zorrilla\u201d, sede que est\u00e1 ubicada en el kil\u00f3metro 1190 de la Ruta Nacional 81.<\/p>\n\n\n\n<p>Es un evento orientado a estudiantes de carreras terciarias y universitarias relacionadas con el desarrollo de software. Por ese motivo, se resalt\u00f3 que se trata de un espacio \u201ccreado por y para los estudiantes de este tipo de carreras\u201d.<\/p>\n\n\n\n<p>As\u00ed lo se\u00f1alaron, en declaraciones que recogi\u00f3 la&nbsp;<strong><em>Agencia de Noticias Formosa (AGENFOR)<\/em><\/strong>, el director del IPF, el doctor Horacio Gorostegui y el coordinador de Desarrollo de Software Multiplataforma de la instituci\u00f3n, el doctor Miguel Badaracco.<\/p>\n\n\n\n<p>Este evento se hab\u00eda realizado en agosto del 2024, donde \u201ctuvimos una muy buena experiencia\u201d, por lo que, \u201ca partir de ese momento todos comenzaron a pedir por una segunda edici\u00f3n\u201d, destacaron en principio.<\/p>\n\n\n\n<figure class=\"wp-block-image\"><a href=\"https:\/\/agenfor.com.ar\/wp-content\/uploads\/2025\/10\/494353205_1377528197329582_3787924509126026221_n.jpg\"><img decoding=\"async\" src=\"https:\/\/agenfor.com.ar\/wp-content\/uploads\/2025\/10\/494353205_1377528197329582_3787924509126026221_n-1024x1024.jpg\" alt=\"\" class=\"wp-image-247452\"\/><\/a><figcaption class=\"wp-element-caption\">La primera edici\u00f3n fue el a\u00f1o pasado y result\u00f3 todo un \u00e9xito.<\/figcaption><\/figure>\n\n\n\n<p>En ese sentido, anticiparon que esta edici\u00f3n de \u201cFormosa Hack 2025\u201d tendr\u00e1 la particularidad de que \u201cdurar\u00e1 24 horas\u201d, por eso, \u201cestamos muy contentos y ansiosos\u201d, ya que ser\u00e1 \u201cla primera vez que una hackathon va a tener este formato en la provincia de Formosa, inclusive hasta en la regi\u00f3n\u201d.<\/p>\n\n\n\n<p>Para esta \u201cultra hackathon de programaci\u00f3n intensiva durante 24 horas\u201d, tambi\u00e9n explic\u00f3 Badaracco que \u201clos equipos se organizan hasta un m\u00e1ximo de cuatro integrantes\u201d, consignando que \u201cla idea de que puedan poner en valor todo lo que aprendieron a lo largo del cursado de sus carreras\u201d.<\/p>\n\n\n\n<p>Para de esa manera, \u201cgenerar una innovaci\u00f3n que pueda ser un aporte para resolver algunas de esas problem\u00e1ticas que afectan a distintos sectores y actores sociales\u201d.<\/p>\n\n\n\n<figure class=\"wp-block-image\"><a href=\"https:\/\/agenfor.com.ar\/wp-content\/uploads\/2025\/10\/4936229716457795194.jpg\"><img decoding=\"async\" src=\"https:\/\/agenfor.com.ar\/wp-content\/uploads\/2025\/10\/4936229716457795194-1024x682.jpg\" alt=\"\" class=\"wp-image-247456\"\/><\/a><figcaption class=\"wp-element-caption\"><em>Gorostegui<\/em><\/figcaption><\/figure>\n\n\n\n<p>Por otro lado, resaltaron que \u201clos integrantes del comit\u00e9 organizador de \u201cFormosa Hack 2025\u201d son egresados, quienes, en alg\u00fan momento, estuvieron en ese lugar como estudiantes y vieron la necesidad y la posibilidad de crear un espacio para poder desplegar todo su potencial innovador desarrollando software\u201d.<\/p>\n","protected":false},"excerpt":{"rendered":"<p>Este jueves 16 y viernes 17 de octubre se realizar\u00e1 la segunda edici\u00f3n de la<\/p>\n","protected":false},"author":8,"featured_media":69451,"comment_status":"closed","ping_status":"closed","sticky":false,"template":"","format":"standard","meta":{"footnotes":""},"categories":[1],"tags":[],"class_list":["post-69449","post","type-post","status-publish","format-standard","has-post-thumbnail","hentry","category-noticias"],"_links":{"self":[{"href":"https:\/\/24formosa.com.ar\/index.php?rest_route=\/wp\/v2\/posts\/69449","targetHints":{"allow":["GET"]}}],"collection":[{"href":"https:\/\/24formosa.com.ar\/index.php?rest_route=\/wp\/v2\/posts"}],"about":[{"href":"https:\/\/24formosa.com.ar\/index.php?rest_route=\/wp\/v2\/types\/post"}],"author":[{"embeddable":true,"href":"https:\/\/24formosa.com.ar\/index.php?rest_route=\/wp\/v2\/users\/8"}],"replies":[{"embeddable":true,"href":"https:\/\/24formosa.com.ar\/index.php?rest_route=%2Fwp%2Fv2%2Fcomments&post=69449"}],"version-history":[{"count":1,"href":"https:\/\/24formosa.com.ar\/index.php?rest_route=\/wp\/v2\/posts\/69449\/revisions"}],"predecessor-version":[{"id":69452,"href":"https:\/\/24formosa.com.ar\/index.php?rest_route=\/wp\/v2\/posts\/69449\/revisions\/69452"}],"wp:featuredmedia":[{"embeddable":true,"href":"https:\/\/24formosa.com.ar\/index.php?rest_route=\/wp\/v2\/media\/69451"}],"wp:attachment":[{"href":"https:\/\/24formosa.com.ar\/index.php?rest_route=%2Fwp%2Fv2%2Fmedia&parent=69449"}],"wp:term":[{"taxonomy":"category","embeddable":true,"href":"https:\/\/24formosa.com.ar\/index.php?rest_route=%2Fwp%2Fv2%2Fcategories&post=69449"},{"taxonomy":"post_tag","embeddable":true,"href":"https:\/\/24formosa.com.ar\/index.php?rest_route=%2Fwp%2Fv2%2Ftags&post=69449"}],"curies":[{"name":"wp","href":"https:\/\/api.w.org\/{rel}","templated":true}]}}