{"id":69440,"date":"2025-10-13T21:27:14","date_gmt":"2025-10-14T00:27:14","guid":{"rendered":"https:\/\/24formosa.com.ar\/?p=69440"},"modified":"2025-10-13T21:27:14","modified_gmt":"2025-10-14T00:27:14","slug":"educacion-llevo-adelante-el-2-encuentro-provincial-de-formacion-en-alfabetizacion-para-directores","status":"publish","type":"post","link":"https:\/\/24formosa.com.ar\/?p=69440","title":{"rendered":"Educaci\u00f3n llev\u00f3 adelante el 2\u00b0 Encuentro Provincial de Formaci\u00f3n en Alfabetizaci\u00f3n para Directores"},"content":{"rendered":"\n<p><em>De esta manera, Formosa contin\u00faa fortaleciendo las capacidades de conducci\u00f3n.<\/em><\/p>\n\n\n\n<p>En la localidad de Piran\u00e9, se realiz\u00f3 el 2\u00b0 Encuentro Provincial de Formaci\u00f3n en Alfabetizaci\u00f3n para Directores, que tuvo como sede la EPES N\u00ba 2 \u201cBatalla de Maip\u00fa\u201d. La jornada re\u00fane a directivos de las Escuelas Alfa en Red de toda la provincia, en un espacio de formaci\u00f3n e intercambio para la planificaci\u00f3n participativa en torno a los desaf\u00edos de la ense\u00f1anza de la lectura y la escritura.<\/p>\n\n\n\n<p>El encuentro tiene como prop\u00f3sito fortalecer el liderazgo y la gesti\u00f3n de los equipos directivos en el dise\u00f1o, implementaci\u00f3n y seguimiento de los Planes de Mejora de la Alfabetizaci\u00f3n, en sinton\u00eda con el Plan Jurisdiccional de Alfabetizaci\u00f3n. Adem\u00e1s, se busca contribuir al desarrollo de habilidades para una gesti\u00f3n basada en datos y evidencias, promoviendo el uso de informaci\u00f3n nominal para identificar y abordar inequidades y dificultades en las trayectorias de aprendizaje.<\/p>\n\n\n\n<figure class=\"wp-block-image\"><a href=\"https:\/\/agenfor.com.ar\/wp-content\/uploads\/2025\/10\/Encuentro-de-Directores_Pirane-13.jpeg\"><img decoding=\"async\" src=\"https:\/\/agenfor.com.ar\/wp-content\/uploads\/2025\/10\/Encuentro-de-Directores_Pirane-13-1024x683.jpeg\" alt=\"\" class=\"wp-image-247288\"\/><\/a><\/figure>\n\n\n\n<p>La apertura estuvo a cargo del ministro de Cultura y Educaci\u00f3n, el ingeniero Julio Ren\u00e9 Araoz, qui\u00e9n destac\u00f3 la importancia de consolidar pol\u00edticas p\u00fablicas que garanticen el derecho a la alfabetizaci\u00f3n en todos los niveles educativos.<\/p>\n\n\n\n<p>Luego de la apertura, la directora de Planeamiento Educativo, Patricia Pastor, junto a la referente provincial de Alfabetizaci\u00f3n, Mariel Rico, presentaron la exposici\u00f3n \u201cLa planificaci\u00f3n estrat\u00e9gica y el Plan Jurisdiccional de Alfabetizaci\u00f3n\u201d, contextualizando las l\u00edneas de acci\u00f3n que orientan el trabajo pedag\u00f3gico en las instituciones educativas.<\/p>\n\n\n\n<p>El desarrollo del encuentro se estructur\u00f3 en tres momentos de trabajo. El primero estuvo destinado a la presentaci\u00f3n de los objetivos del taller y al intercambio sobre la ampliaci\u00f3n del tiempo escolar, promoviendo la reflexi\u00f3n acerca del rol de la escuela en la mejora de los aprendizajes iniciales.<\/p>\n\n\n\n<figure class=\"wp-block-image\"><a href=\"https:\/\/agenfor.com.ar\/wp-content\/uploads\/2025\/10\/Encuentro-de-Directores_Pirane-5.jpeg\"><img decoding=\"async\" src=\"https:\/\/agenfor.com.ar\/wp-content\/uploads\/2025\/10\/Encuentro-de-Directores_Pirane-5-1024x683.jpeg\" alt=\"\" class=\"wp-image-247280\"\/><\/a><\/figure>\n\n\n\n<p>El segundo momento se centr\u00f3 en un taller de herramientas para directores, donde se abordaron estrategias de gesti\u00f3n pedag\u00f3gica y metodolog\u00edas para el seguimiento de los planes de mejora de alfabetizaci\u00f3n, a partir del an\u00e1lisis de datos e indicadores.<\/p>\n\n\n\n<p>Finalmente, el tercero propici\u00f3 la socializaci\u00f3n de experiencias positivas, permitiendo compartir pr\u00e1cticas institucionales exitosas y fortalecer el trabajo en red entre las escuelas.<\/p>\n\n\n\n<p>El cierre del encuentro estuvo a cargo de la delegada zonal de Piran\u00e9, Esther Gonz\u00e1lez, y del director de Educaci\u00f3n Primaria, Juan Ignacio Meza, quienes valoraron la participaci\u00f3n activa de los equipos directivos y reafirmaron el compromiso de continuar fortaleciendo las capacidades institucionales en toda la provincia.<\/p>\n\n\n\n<figure class=\"wp-block-image\"><a href=\"https:\/\/agenfor.com.ar\/wp-content\/uploads\/2025\/10\/Encuentro-de-Directores_Pirane-3.jpeg\"><img decoding=\"async\" src=\"https:\/\/agenfor.com.ar\/wp-content\/uploads\/2025\/10\/Encuentro-de-Directores_Pirane-3-1024x683.jpeg\" alt=\"\" class=\"wp-image-247278\"\/><\/a><\/figure>\n\n\n\n<p>Este encuentro, entonces, simboliza un paso significativo en el fortalecimiento del trabajo colectivo y en la consolidaci\u00f3n de una pol\u00edtica educativa centrada en la alfabetizaci\u00f3n como derecho y como base para todos los aprendizajes.<\/p>\n","protected":false},"excerpt":{"rendered":"<p>De esta manera, Formosa contin\u00faa fortaleciendo las capacidades de conducci\u00f3n. En la localidad de Piran\u00e9,<\/p>\n","protected":false},"author":8,"featured_media":69441,"comment_status":"closed","ping_status":"closed","sticky":false,"template":"","format":"standard","meta":{"footnotes":""},"categories":[1],"tags":[],"class_list":["post-69440","post","type-post","status-publish","format-standard","has-post-thumbnail","hentry","category-noticias"],"_links":{"self":[{"href":"https:\/\/24formosa.com.ar\/index.php?rest_route=\/wp\/v2\/posts\/69440","targetHints":{"allow":["GET"]}}],"collection":[{"href":"https:\/\/24formosa.com.ar\/index.php?rest_route=\/wp\/v2\/posts"}],"about":[{"href":"https:\/\/24formosa.com.ar\/index.php?rest_route=\/wp\/v2\/types\/post"}],"author":[{"embeddable":true,"href":"https:\/\/24formosa.com.ar\/index.php?rest_route=\/wp\/v2\/users\/8"}],"replies":[{"embeddable":true,"href":"https:\/\/24formosa.com.ar\/index.php?rest_route=%2Fwp%2Fv2%2Fcomments&post=69440"}],"version-history":[{"count":1,"href":"https:\/\/24formosa.com.ar\/index.php?rest_route=\/wp\/v2\/posts\/69440\/revisions"}],"predecessor-version":[{"id":69442,"href":"https:\/\/24formosa.com.ar\/index.php?rest_route=\/wp\/v2\/posts\/69440\/revisions\/69442"}],"wp:featuredmedia":[{"embeddable":true,"href":"https:\/\/24formosa.com.ar\/index.php?rest_route=\/wp\/v2\/media\/69441"}],"wp:attachment":[{"href":"https:\/\/24formosa.com.ar\/index.php?rest_route=%2Fwp%2Fv2%2Fmedia&parent=69440"}],"wp:term":[{"taxonomy":"category","embeddable":true,"href":"https:\/\/24formosa.com.ar\/index.php?rest_route=%2Fwp%2Fv2%2Fcategories&post=69440"},{"taxonomy":"post_tag","embeddable":true,"href":"https:\/\/24formosa.com.ar\/index.php?rest_route=%2Fwp%2Fv2%2Ftags&post=69440"}],"curies":[{"name":"wp","href":"https:\/\/api.w.org\/{rel}","templated":true}]}}